{"id":92347,"date":"2008-09-26T18:36:12","date_gmt":"2008-09-26T18:36:12","guid":{"rendered":"http:\/\/diariodominicano.ddns.net\/?p=92347"},"modified":"2008-09-26T18:36:12","modified_gmt":"2008-09-26T18:36:12","slug":"%c2%a8la-vellonera-de-anthony-rios-repite-en-el-maunaloa","status":"publish","type":"post","link":"https:\/\/diariodominicano.com\/?p=92347","title":{"rendered":"\u00a8La vellonera de Anthony R\u00edos repite en el Maunaloa"},"content":{"rendered":"<p><body><\/p>\n<p class=\"titulogrande1\">\u00a8La  vellonera de Anthony R\u00edos repite en el Maunaloa<\/p>\n<p>&#13;<\/p>\n<p align=\"justify\" class=\"text1noticias\"><img loading=\"lazy\" decoding=\"async\" src=\"http:\/\/localhost:8080\/gente\/img\/antony vellon.jpg\" width=\"375\" height=\"289\" hspace=\"4\" align=\"left\" \/>El exitoso concierto \u00a8Anthony  R\u00edos: Vellonera\u00a8 se repondr\u00e1 el viernes 3 de Octubre en el Maunaloa, a petici\u00f3n  popular, luego de satisfacer las expectativas de un p\u00fablico que llen\u00f3 por  completo la sala del Night Club, para disfrutar de uno de los mejores  conciertos que el popular cantante ha ofrecido en los \u00faltimos tiempos.<br \/>&#13;<br \/>\n  \u00a0<br \/>&#13;<br \/>\n  El show elaborado por la  misma gente, mediante sus solicitudes en el momento de la llegada en la puerta  de entrada del establecimiento, permite establecer las canciones mas populares  del amplio repertorio de este emblem\u00e1tico cantautor criollo, que con el tiempo  ha hecho acopio de una f\u00f3rmula infalible que le ha permitido mantenerse de  manera permanente en el inter\u00e9s de la gente.<br \/>&#13;<br \/>\n  \u00a0<br \/>&#13;<br \/>\n  Entre chistes y an\u00e9cdotas,  Anthony hace una especie de radiograf\u00eda de la vida nocturna en los bares y  cabarets de la capital y de los pueblos, haciendo un historial\u00a0 de la vellonera y de cada una de las  canciones que el p\u00fablico previamente selecciona de su amplio repertorio, dando  detalles in\u00e9ditos de la vinculaci\u00f3n de muchas de ellas con su vida sentimental.<br \/>&#13;<br \/>\n  \u00a0<br \/>&#13;<br \/>\n  En el espect\u00e1culo anterior  celebrado el 19 de Septiembre los 10 temas de mayor aceptaci\u00f3n por elecci\u00f3n  popular fueron: <br \/>&#13;<br \/>\n  <br \/>&#13;<br \/>\n  1.- Fatalidad<br \/>&#13;<br \/>\n  2.- Si usted supiera se\u00f1ora<br \/>&#13;<br \/>\n  3.- La mancha<br \/>&#13;<br \/>\n  4.- Z<br \/>&#13;<br \/>\n  5.- Imaginaci\u00f3n<br \/>&#13;<br \/>\n  6.- Si un d\u00eda te sientes sola<br \/>&#13;<br \/>\n  7.- Lo que te espera<br \/>&#13;<br \/>\n  8.- Estas donde no estas<br \/>&#13;<br \/>\n  9.- Comprender m\u00e1s<br \/>&#13;<br \/>\n  10.-T\u00fa ves que duele<br \/>&#13;<br \/>\n  \u00a0<br \/>&#13;<br \/>\n  Un pasado concierto coronado  con un \u00e9xito art\u00edstico y de p\u00fablico obliga a esta reposici\u00f3n el 3 de Octubre, y  con ella la empresa productora Raphy D&#8217; \u00d3leo Management inicia una gira\u00a0 por todo el pa\u00eds, en procura de complacer el  manifiesto deseo\u00a0 del p\u00fablico por  disfrutar del repertorio de \u00e9xitos que Anthony ahora trae en su vellonera.<\/p>\n<p>&#13;<\/p>\n<h6> 2008-09-26 18:36:12 <\/h6>\n<p><!--\n<link rel=\"stylesheet\" href=\"css\/bootstrap.min.css\">\n\n\n<ul class=\"pagination\">\n\t    \n\t\n\n<li >\n\t<a href='?page_no=20968'>Previous<\/a>\n\t<\/li>\n\n\n       \n    \n\n<li><a href='?page_no=1'>1<\/a><\/li>\n\n\n\n<li><a href='?page_no=2'>2<\/a><\/li>\n\n\n\n<li><a>...<\/a><\/li>\n\n\n\n<li><a href='?page_no=20967'>20967<\/a><\/li>\n\n\n\n<li><a href='?page_no=20968'>20968<\/a><\/li>\n\n\n\n<li class='active'><a>20969<\/a><\/li>\n\n\n\n<li><a href='?page_no=20970'>20970<\/a><\/li>\n\n\n\n<li><a href='?page_no=20971'>20971<\/a><\/li>\n\n\n\n<li><a>...<\/a><\/li>\n\n\n\n<li><a href='?page_no=22522'>22522<\/a><\/li>\n\n\n\n<li><a href='?page_no=22523'>22523<\/a><\/li>\n\n    \n\t\n\n<li >\n\t<a href='?page_no=20970'>Next<\/a>\n\t<\/li>\n\n\n    \n\n<li><a href='?page_no=22523'>Last &rsaquo;&rsaquo;<\/a><\/li>\n\n<\/ul>\n\n\n--><br \/>\n<\/body><\/p>\n","protected":false},"excerpt":{"rendered":"<p>\u00a8La vellonera de Anthony R\u00edos repite en el Maunaloa &#13; El exitoso concierto \u00a8Anthony R\u00edos: Vellonera\u00a8 se repondr\u00e1 el viernes 3 de Octubre en el Maunaloa, a petici\u00f3n popular, luego de satisfacer las expectativas de un p\u00fablico que llen\u00f3 por completo la sala del Night Club, para disfrutar de uno de los mejores conciertos que [&hellip;]<\/p>\n","protected":false},"author":3,"featured_media":0,"comment_status":"open","ping_status":"open","sticky":false,"template":"","format":"standard","meta":{"footnotes":""},"categories":[25],"tags":[],"class_list":["post-92347","post","type-post","status-publish","format-standard","hentry","category-gente"],"_links":{"self":[{"href":"https:\/\/diariodominicano.com\/index.php?rest_route=\/wp\/v2\/posts\/92347","targetHints":{"allow":["GET"]}}],"collection":[{"href":"https:\/\/diariodominicano.com\/index.php?rest_route=\/wp\/v2\/posts"}],"about":[{"href":"https:\/\/diariodominicano.com\/index.php?rest_route=\/wp\/v2\/types\/post"}],"author":[{"embeddable":true,"href":"https:\/\/diariodominicano.com\/index.php?rest_route=\/wp\/v2\/users\/3"}],"replies":[{"embeddable":true,"href":"https:\/\/diariodominicano.com\/index.php?rest_route=%2Fwp%2Fv2%2Fcomments&post=92347"}],"version-history":[{"count":0,"href":"https:\/\/diariodominicano.com\/index.php?rest_route=\/wp\/v2\/posts\/92347\/revisions"}],"wp:attachment":[{"href":"https:\/\/diariodominicano.com\/index.php?rest_route=%2Fwp%2Fv2%2Fmedia&parent=92347"}],"wp:term":[{"taxonomy":"category","embeddable":true,"href":"https:\/\/diariodominicano.com\/index.php?rest_route=%2Fwp%2Fv2%2Fcategories&post=92347"},{"taxonomy":"post_tag","embeddable":true,"href":"https:\/\/diariodominicano.com\/index.php?rest_route=%2Fwp%2Fv2%2Ftags&post=92347"}],"curies":[{"name":"wp","href":"https:\/\/api.w.org\/{rel}","templated":true}]}}