{"id":92346,"date":"2008-09-29T16:10:07","date_gmt":"2008-09-29T16:10:07","guid":{"rendered":"http:\/\/diariodominicano.ddns.net\/?p=92346"},"modified":"2008-09-29T16:10:07","modified_gmt":"2008-09-29T16:10:07","slug":"departamento-de-estado-de-eeuu-escoge-a-judith-leclerc-para-programa-de-comunicacion","status":"publish","type":"post","link":"https:\/\/diariodominicano.com\/?p=92346","title":{"rendered":"Departamento de Estado de EEUU escoge a Judith Leclerc para programa de comunicaci\u00f3n"},"content":{"rendered":"<p><body><\/p>\n<p align=\"justify\" class=\"titulogrande1\"><strong>Departamento  de Estado de EEUU escoge a Judith Leclerc para programa de comunicaci\u00f3n<\/strong><\/p>\n<p>&#13;<\/p>\n<p align=\"justify\" class=\"text1noticias\"><img loading=\"lazy\" decoding=\"async\" src=\"http:\/\/localhost:8080\/gente\/img\/judi lecler.jpg\" width=\"375\" height=\"563\" hspace=\"4\" align=\"left\" \/>La reportera de investigaci\u00f3n de  la televisi\u00f3n dominicana Judith Leclerc, fue elegida por la Divisi\u00f3n de Educaci\u00f3n y  Asuntos Culturales del Departamento de Estado de Washington, DC, para  participar en el Programa \u201cEdward R. Murrow For Journalists\u201d, uno de los m\u00e1s  prestigiosos programas en el \u00e1rea de la comunicaci\u00f3n de los Estados Unidos. <br \/>&#13;<br \/>\n  <br \/>&#13;<br \/>\n  Judith Leclerc es la reportera  oficial de la Cadena   Telemundo Network, en Rep\u00fablica Dominicana dese hace diez  a\u00f1os. Tambi\u00e9n labora como reportera del programa de investigaci\u00f3n period\u00edstica  \u201cNuria\u201d. El evento, en el que participar\u00e1n importantes periodistas  latinoamericanos, tendr\u00e1 lugar en diferentes ciudades de los Estados Unidos de  Am\u00e9rica, desde el 6 al 24 de octubre de 2008.\u00a0 <br \/>&#13;<br \/>\n  <br \/>&#13;<br \/>\n  El programa \u00a0de Liderazgo  para Visitantes Internacionales de la Divisi\u00f3n de Educaci\u00f3n y Asuntos Culturales del  Departamento de Estado de Washington, reunir\u00e1 a los 150 participantes de los  diez programas regionales Murrow de los Estados Unidos, quienes compartir\u00e1n  experiencias y conocer\u00e1n el panorama general del periodismo en ese pa\u00eds, con  \u00e9nfasis en las tendencias actuales en los medios de comunicaci\u00f3n. Tambi\u00e9n se  debatir\u00e1 el papel de la prensa durante un a\u00f1o de elecciones. <br \/>&#13;<br \/>\n  <br \/>&#13;<br \/>\n  La reportera Judith Leclerc,  quien ha sido ganadora de importantes premios period\u00edsticos en el pa\u00eds, en el  \u00e1rea de reportajes de televisi\u00f3n, dijo sentirse regocijada tras haber sido  tomada en cuenta para participar en un programa Murrow de los Estados Unidos. <br \/>&#13;<br \/>\n  <br \/>&#13;<br \/>\n  \u201cEs un gran logro para cualquier  periodista del mundo. Un reconocimiento a mi larga trayectoria como reportera  en el pa\u00eds y en el extranjero\u201d, dijo Leclerc.<br \/>&#13;<br \/>\n  <br \/>&#13;<br \/>\n  Durante el programa las  delegaciones Murrow participar\u00e1n tambi\u00e9n en un \u201cSimposio Internacional Para  Periodistas\u201d, organizada por el instituto Aspen, en cooperaci\u00f3n con el  Departamento de Estado, para examinar los asuntos exteriores y la presentaci\u00f3n  prensa-gobierno. <br \/>&#13;<br \/>\n  <br \/>&#13;<br \/>\n  \u201cPodremos conocer qu\u00e9 piensan los  periodistas sobre los retos que tendremos que enfrentar, en un mundo donde  hacer periodismo es cada vez m\u00e1s dif\u00edcil\u201d, expres\u00f3 la reportera.<br \/>&#13;<br \/>\n  <br \/>&#13;<br \/>\n  Judith Leclerc, dijo que los  periodistas participantes en el programa Murrow saldr\u00e1n fortalecidos en los  principios del periodismo tale como la \u00e9tica, la precisi\u00f3n, la diversidad, la  equidad, el equilibrio, la confidencialidad y la rendici\u00f3n de cuentas. <br \/>&#13;<br \/>\n  <br \/>&#13;<br \/>\n  El programa de Liderazgo para  Visitantes Internacionales de la   Divisi\u00f3n de Educaci\u00f3n y Asuntos Culturales del Departamento  de Estado de Washington, es un intercambio cultural dise\u00f1ado para fortalecer  los lazos tradicionales de amistad entre los Estados Unidos y otros pa\u00edses  latinoamericanos. \u00a0<br \/>&#13;<br \/>\n  <br \/>&#13;<br \/>\n  La Secci\u00f3n de \u00a0Asuntos  P\u00fablicos de la embajada de los Estados Unidos en el pa\u00eds coordina la participaci\u00f3n  en dicho programa.<\/p>\n<p>&#13;<\/p>\n<h6> 2008-09-29 16:10:07 <\/h6>\n<p><!--\n<link rel=\"stylesheet\" href=\"css\/bootstrap.min.css\">\n\n\n<ul class=\"pagination\">\n\t    \n\t\n\n<li >\n\t<a href='?page_no=20967'>Previous<\/a>\n\t<\/li>\n\n\n       \n    \n\n<li><a href='?page_no=1'>1<\/a><\/li>\n\n\n\n<li><a href='?page_no=2'>2<\/a><\/li>\n\n\n\n<li><a>...<\/a><\/li>\n\n\n\n<li><a href='?page_no=20966'>20966<\/a><\/li>\n\n\n\n<li><a href='?page_no=20967'>20967<\/a><\/li>\n\n\n\n<li class='active'><a>20968<\/a><\/li>\n\n\n\n<li><a href='?page_no=20969'>20969<\/a><\/li>\n\n\n\n<li><a href='?page_no=20970'>20970<\/a><\/li>\n\n\n\n<li><a>...<\/a><\/li>\n\n\n\n<li><a href='?page_no=22522'>22522<\/a><\/li>\n\n\n\n<li><a href='?page_no=22523'>22523<\/a><\/li>\n\n    \n\t\n\n<li >\n\t<a href='?page_no=20969'>Next<\/a>\n\t<\/li>\n\n\n    \n\n<li><a href='?page_no=22523'>Last &rsaquo;&rsaquo;<\/a><\/li>\n\n<\/ul>\n\n\n--><br \/>\n<\/body><\/p>\n","protected":false},"excerpt":{"rendered":"<p>Departamento de Estado de EEUU escoge a Judith Leclerc para programa de comunicaci\u00f3n &#13; La reportera de investigaci\u00f3n de la televisi\u00f3n dominicana Judith Leclerc, fue elegida por la Divisi\u00f3n de Educaci\u00f3n y Asuntos Culturales del Departamento de Estado de Washington, DC, para participar en el Programa \u201cEdward R. Murrow For Journalists\u201d, uno de los m\u00e1s [&hellip;]<\/p>\n","protected":false},"author":3,"featured_media":0,"comment_status":"open","ping_status":"open","sticky":false,"template":"","format":"standard","meta":{"footnotes":""},"categories":[25],"tags":[],"class_list":["post-92346","post","type-post","status-publish","format-standard","hentry","category-gente"],"_links":{"self":[{"href":"https:\/\/diariodominicano.com\/index.php?rest_route=\/wp\/v2\/posts\/92346","targetHints":{"allow":["GET"]}}],"collection":[{"href":"https:\/\/diariodominicano.com\/index.php?rest_route=\/wp\/v2\/posts"}],"about":[{"href":"https:\/\/diariodominicano.com\/index.php?rest_route=\/wp\/v2\/types\/post"}],"author":[{"embeddable":true,"href":"https:\/\/diariodominicano.com\/index.php?rest_route=\/wp\/v2\/users\/3"}],"replies":[{"embeddable":true,"href":"https:\/\/diariodominicano.com\/index.php?rest_route=%2Fwp%2Fv2%2Fcomments&post=92346"}],"version-history":[{"count":0,"href":"https:\/\/diariodominicano.com\/index.php?rest_route=\/wp\/v2\/posts\/92346\/revisions"}],"wp:attachment":[{"href":"https:\/\/diariodominicano.com\/index.php?rest_route=%2Fwp%2Fv2%2Fmedia&parent=92346"}],"wp:term":[{"taxonomy":"category","embeddable":true,"href":"https:\/\/diariodominicano.com\/index.php?rest_route=%2Fwp%2Fv2%2Fcategories&post=92346"},{"taxonomy":"post_tag","embeddable":true,"href":"https:\/\/diariodominicano.com\/index.php?rest_route=%2Fwp%2Fv2%2Ftags&post=92346"}],"curies":[{"name":"wp","href":"https:\/\/api.w.org\/{rel}","templated":true}]}}