{"id":92345,"date":"2008-09-29T19:00:48","date_gmt":"2008-09-29T19:00:48","guid":{"rendered":"http:\/\/diariodominicano.ddns.net\/?p=92345"},"modified":"2008-09-29T19:00:48","modified_gmt":"2008-09-29T19:00:48","slug":"llega-manana-a-las-tiendas-el-nuevo-album-de-la-oreja-de-van-gogh","status":"publish","type":"post","link":"https:\/\/diariodominicano.com\/?p=92345","title":{"rendered":"Llega ma\u00f1ana a las tiendas el nuevo \u00e1lbum  de La Oreja de Van Gogh"},"content":{"rendered":"<p><body><\/p>\n<p align=\"justify\"><span class=\"titulogrande1\">Llega  ma\u00f1ana a las tiendas el nuevo \u00e1lbum\u00a0 de  La Oreja de Van Gogh<\/span><br \/>&#13;<br \/>\n  <br \/>&#13;<br \/>\n    <span class=\"text1noticias\"><img loading=\"lazy\" decoding=\"async\" src=\"http:\/\/localhost:8080\/gente\/img\/la oreja.jpg\" width=\"375\" height=\"232\" hspace=\"4\" align=\"left\" \/>Miami,  FL, 29 de septiembre del 2008.- \u201cA las cinco en el Astoria\u201d, producci\u00f3n que  marca la nueva etapa de la popular banda espa\u00f1ola <strong>La Oreja de Van Gogh<\/strong>, tras la partida de su vocalista por m\u00e1s de  diez a\u00f1os, <strong>Amaia Montero<\/strong>, llega de  manera oficial al mercado estadounidense ma\u00f1ana martes 30 de septiembre.<br \/>&#13;<br \/>\n    <br \/>&#13;<br \/>\n    <strong>Xabi San Mart\u00edn, Pablo Benegas, \u00c1lvaro  Fuentes <\/strong>y<strong> Haritz Garde<\/strong>, regresan con un  maravilloso disco que cuenta con un esp\u00edritu renovado y la incorporaci\u00f3n de  Leire Mart\u00ednez, quien a partir de ahora ser\u00e1 la nueva voz del grupo.<br \/>&#13;<br \/>\n    <br \/>&#13;<br \/>\n    Y al  parecer esta remozada cara de La Oreja de Van Gogh ha encantado a los fans  espa\u00f1oles, ya que el primer sencillo de este \u00e1lbum, titulado \u201cEl \u00daltimo Vals\u201d,  permanece desde hace cuatro semanas en el primer puesto de las listas de  popularidad en las diferentes estaciones radiales en Espa\u00f1a. En Estados Unidos  y Puerto Rico, el tema est\u00e1 posesionado en el Top 20, seg\u00fan las listas de Billboard.<br \/>&#13;<br \/>\n    <br \/>&#13;<br \/>\n\u201cA las  cinco en el Astoria\u201d cuenta con doce temas compuestos por Xabi San Mart\u00edn y  Pablo Benegas, los cuales mantienen la esencia pop que ha caracterizado a esta  agrupaci\u00f3n durante toda su historia. Este se grab\u00f3 en la primavera del 2008 en  los estudios Du Manoir, Francia, y Red Led, Espa\u00f1a, bajo la producci\u00f3n de <strong>Nigel Walker <\/strong>y masterizado por <strong>Bob Ludwig<\/strong>, genios creativos que han  trabajo con artistas de la talla de <strong>Coldplay,  Jimi Hendrix, Nirvana, U2, Bruce Springsteen, Madonna, Dire Straits, Pearl Jam<\/strong>,  entre otros.<br \/>&#13;<br \/>\n<br \/>&#13;<br \/>\nLa  Oreja de Van Gogh, en una d\u00e9cada de existencia, ha vendido m\u00e1s de siete  millones de sus discos en todo el mundo, obteniendo importantes galardones de  la m\u00fasica latina tales como el Latin GRAMMY\u00ae, Premios de la M\u00fasica, premios  Amigo, Ondas y MTV.<br \/>&#13;<br \/>\n<br \/>&#13;<br \/>\nEl grupo llegar\u00e1 a Miami la semana  del 20 de octubre para realizar una visita promocional, y m\u00e1s tarde viajar\u00e1n a  Puerto Rico, pa\u00eds donde el grupo disfruta de gran popularidad. Esta visita ser\u00e1  una oportunidad para que los medios de comunicaci\u00f3n conversen con su nueva  vocalista.<br \/>&#13;<br \/>\n<br \/>&#13;<br \/>\n\u201cA las  cinco en el Astoria\u201d llega a las tiendas ma\u00f1ana martes 30 de septiembre bajo el  sello discogr\u00e1fico Sony BMG Latin.\u00a0 <\/span><\/p>\n<p>&#13;<\/p>\n<h6> 2008-09-29 19:00:48 <\/h6>\n<p><!--\n<link rel=\"stylesheet\" href=\"css\/bootstrap.min.css\">\n\n\n<ul class=\"pagination\">\n\t    \n\t\n\n<li >\n\t<a href='?page_no=20966'>Previous<\/a>\n\t<\/li>\n\n\n       \n    \n\n<li><a href='?page_no=1'>1<\/a><\/li>\n\n\n\n<li><a href='?page_no=2'>2<\/a><\/li>\n\n\n\n<li><a>...<\/a><\/li>\n\n\n\n<li><a href='?page_no=20965'>20965<\/a><\/li>\n\n\n\n<li><a href='?page_no=20966'>20966<\/a><\/li>\n\n\n\n<li class='active'><a>20967<\/a><\/li>\n\n\n\n<li><a href='?page_no=20968'>20968<\/a><\/li>\n\n\n\n<li><a href='?page_no=20969'>20969<\/a><\/li>\n\n\n\n<li><a>...<\/a><\/li>\n\n\n\n<li><a href='?page_no=22522'>22522<\/a><\/li>\n\n\n\n<li><a href='?page_no=22523'>22523<\/a><\/li>\n\n    \n\t\n\n<li >\n\t<a href='?page_no=20968'>Next<\/a>\n\t<\/li>\n\n\n    \n\n<li><a href='?page_no=22523'>Last &rsaquo;&rsaquo;<\/a><\/li>\n\n<\/ul>\n\n\n--><br \/>\n<\/body><\/p>\n","protected":false},"excerpt":{"rendered":"<p>Llega ma\u00f1ana a las tiendas el nuevo \u00e1lbum\u00a0 de La Oreja de Van Gogh&#13; &#13; Miami, FL, 29 de septiembre del 2008.- \u201cA las cinco en el Astoria\u201d, producci\u00f3n que marca la nueva etapa de la popular banda espa\u00f1ola La Oreja de Van Gogh, tras la partida de su vocalista por m\u00e1s de diez a\u00f1os, [&hellip;]<\/p>\n","protected":false},"author":3,"featured_media":0,"comment_status":"open","ping_status":"open","sticky":false,"template":"","format":"standard","meta":{"footnotes":""},"categories":[25],"tags":[],"class_list":["post-92345","post","type-post","status-publish","format-standard","hentry","category-gente"],"_links":{"self":[{"href":"https:\/\/diariodominicano.com\/index.php?rest_route=\/wp\/v2\/posts\/92345","targetHints":{"allow":["GET"]}}],"collection":[{"href":"https:\/\/diariodominicano.com\/index.php?rest_route=\/wp\/v2\/posts"}],"about":[{"href":"https:\/\/diariodominicano.com\/index.php?rest_route=\/wp\/v2\/types\/post"}],"author":[{"embeddable":true,"href":"https:\/\/diariodominicano.com\/index.php?rest_route=\/wp\/v2\/users\/3"}],"replies":[{"embeddable":true,"href":"https:\/\/diariodominicano.com\/index.php?rest_route=%2Fwp%2Fv2%2Fcomments&post=92345"}],"version-history":[{"count":0,"href":"https:\/\/diariodominicano.com\/index.php?rest_route=\/wp\/v2\/posts\/92345\/revisions"}],"wp:attachment":[{"href":"https:\/\/diariodominicano.com\/index.php?rest_route=%2Fwp%2Fv2%2Fmedia&parent=92345"}],"wp:term":[{"taxonomy":"category","embeddable":true,"href":"https:\/\/diariodominicano.com\/index.php?rest_route=%2Fwp%2Fv2%2Fcategories&post=92345"},{"taxonomy":"post_tag","embeddable":true,"href":"https:\/\/diariodominicano.com\/index.php?rest_route=%2Fwp%2Fv2%2Ftags&post=92345"}],"curies":[{"name":"wp","href":"https:\/\/api.w.org\/{rel}","templated":true}]}}