{"id":92344,"date":"2008-09-29T19:02:42","date_gmt":"2008-09-29T19:02:42","guid":{"rendered":"http:\/\/diariodominicano.ddns.net\/?p=92344"},"modified":"2008-09-29T19:02:42","modified_gmt":"2008-09-29T19:02:42","slug":"mirta-renee-lo-mejor-de-guatemala","status":"publish","type":"post","link":"https:\/\/diariodominicano.com\/?p=92344","title":{"rendered":"Mirta Ren\u00e9e: Lo mejor de Guatemala"},"content":{"rendered":"<p><body><\/p>\n<p align=\"justify\"><span class=\"titulogrande1\">Mirta Ren\u00e9e: Lo mejor de Guatemala<\/span><br \/>&#13;<br \/>\n  <br \/>&#13;<br \/>\n    <span class=\"text1noticias\"><img loading=\"lazy\" decoding=\"async\" src=\"http:\/\/localhost:8080\/gente\/img\/mirta.jpg\" width=\"375\" height=\"257\" hspace=\"4\" align=\"left\" \/>Miami, FL, 29 de septiembre del 2008.- Cuando <strong>Chayanne<\/strong> se convierte en el vampiro m\u00e1s  buscado del mundo, <strong>Mirta Ren\u00e9e<\/strong> es  \u2018Vanessa\u2019, encarnando uno de los personajes estrat\u00e9gicos en la historia de  \u201cGabriel\u201d, la espectacular producci\u00f3n televisiva de Mega Films que debut\u00f3 ayer  por Mega TV.<br \/>&#13;<br \/>\n    <br \/>&#13;<br \/>\n\u201cEntre las interpretaciones que he realizado, este es uno de  los mayores desaf\u00edos por la magnitud del proyecto\u201d, dijo la actriz  guatemalteca.<br \/>&#13;<br \/>\n<br \/>&#13;<br \/>\nDesde sus recientes protag\u00f3nicos en la serie de unitarios  \u201cDecisiones\u201d, hasta sus inolvidables personajes de \u2018Marcela\u2019 en \u201cAcorralada\u201d, y  \u2018Lucero Su\u00e1rez\u2019 en \u201cLas dos caras de Ana\u201d, as\u00ed como sus papeles en \u201cMujeres:  Casos de la vida real\u201d, \u201cEsposa Virgen\u201d y \u201cPiel de Oto\u00f1o\u201d, su rostro ha  inspirado desde el amor al rencor, convirti\u00e9ndola en la favorita de los  productores de telenovelas.<br \/>&#13;<br \/>\n<br \/>&#13;<br \/>\n\u201cSoy una mujer luchadora y busco realizar mis sue\u00f1os,  dedic\u00e1ndome a mi \u00fanica y verdadera vocaci\u00f3n que es comunicar\u201d, asegura la  artista que estudi\u00f3 en Francia y M\u00e9xico para ser una figura internacional tanto  en la conducci\u00f3n como en la actuaci\u00f3n.<br \/>&#13;<br \/>\n<br \/>&#13;<br \/>\nEn \u201cGabriel\u201d, Mirta es parte del estelar elenco que  encabezan Chayanne, <strong>Jos\u00e9 Luis Rodr\u00edguez  \u201cEl Puma<\/strong>\u201d y <strong>Ang\u00e9lica Celaya<\/strong>, que  en formato de miniserie ha sido grabada en escenarios de Miami, Puerto Rico,  Roma y Venecia.<br \/>&#13;<br \/>\n<br \/>&#13;<br \/>\nSu encanto har\u00e1 que esta historia de amor se gane el coraz\u00f3n  del mundo.<\/span><\/p>\n<p>&#13;<\/p>\n<h6> 2008-09-29 19:02:42 <\/h6>\n<p><!--\n<link rel=\"stylesheet\" href=\"css\/bootstrap.min.css\">\n\n\n<ul class=\"pagination\">\n\t    \n\t\n\n<li >\n\t<a href='?page_no=20965'>Previous<\/a>\n\t<\/li>\n\n\n       \n    \n\n<li><a href='?page_no=1'>1<\/a><\/li>\n\n\n\n<li><a href='?page_no=2'>2<\/a><\/li>\n\n\n\n<li><a>...<\/a><\/li>\n\n\n\n<li><a href='?page_no=20964'>20964<\/a><\/li>\n\n\n\n<li><a href='?page_no=20965'>20965<\/a><\/li>\n\n\n\n<li class='active'><a>20966<\/a><\/li>\n\n\n\n<li><a href='?page_no=20967'>20967<\/a><\/li>\n\n\n\n<li><a href='?page_no=20968'>20968<\/a><\/li>\n\n\n\n<li><a>...<\/a><\/li>\n\n\n\n<li><a href='?page_no=22522'>22522<\/a><\/li>\n\n\n\n<li><a href='?page_no=22523'>22523<\/a><\/li>\n\n    \n\t\n\n<li >\n\t<a href='?page_no=20967'>Next<\/a>\n\t<\/li>\n\n\n    \n\n<li><a href='?page_no=22523'>Last &rsaquo;&rsaquo;<\/a><\/li>\n\n<\/ul>\n\n\n--><br \/>\n<\/body><\/p>\n","protected":false},"excerpt":{"rendered":"<p>Mirta Ren\u00e9e: Lo mejor de Guatemala&#13; &#13; Miami, FL, 29 de septiembre del 2008.- Cuando Chayanne se convierte en el vampiro m\u00e1s buscado del mundo, Mirta Ren\u00e9e es \u2018Vanessa\u2019, encarnando uno de los personajes estrat\u00e9gicos en la historia de \u201cGabriel\u201d, la espectacular producci\u00f3n televisiva de Mega Films que debut\u00f3 ayer por Mega TV.&#13; &#13; \u201cEntre [&hellip;]<\/p>\n","protected":false},"author":3,"featured_media":0,"comment_status":"open","ping_status":"open","sticky":false,"template":"","format":"standard","meta":{"footnotes":""},"categories":[25],"tags":[],"class_list":["post-92344","post","type-post","status-publish","format-standard","hentry","category-gente"],"_links":{"self":[{"href":"https:\/\/diariodominicano.com\/index.php?rest_route=\/wp\/v2\/posts\/92344","targetHints":{"allow":["GET"]}}],"collection":[{"href":"https:\/\/diariodominicano.com\/index.php?rest_route=\/wp\/v2\/posts"}],"about":[{"href":"https:\/\/diariodominicano.com\/index.php?rest_route=\/wp\/v2\/types\/post"}],"author":[{"embeddable":true,"href":"https:\/\/diariodominicano.com\/index.php?rest_route=\/wp\/v2\/users\/3"}],"replies":[{"embeddable":true,"href":"https:\/\/diariodominicano.com\/index.php?rest_route=%2Fwp%2Fv2%2Fcomments&post=92344"}],"version-history":[{"count":0,"href":"https:\/\/diariodominicano.com\/index.php?rest_route=\/wp\/v2\/posts\/92344\/revisions"}],"wp:attachment":[{"href":"https:\/\/diariodominicano.com\/index.php?rest_route=%2Fwp%2Fv2%2Fmedia&parent=92344"}],"wp:term":[{"taxonomy":"category","embeddable":true,"href":"https:\/\/diariodominicano.com\/index.php?rest_route=%2Fwp%2Fv2%2Fcategories&post=92344"},{"taxonomy":"post_tag","embeddable":true,"href":"https:\/\/diariodominicano.com\/index.php?rest_route=%2Fwp%2Fv2%2Ftags&post=92344"}],"curies":[{"name":"wp","href":"https:\/\/api.w.org\/{rel}","templated":true}]}}