{"id":92339,"date":"2008-10-02T16:38:50","date_gmt":"2008-10-02T16:38:50","guid":{"rendered":"http:\/\/diariodominicano.ddns.net\/?p=92339"},"modified":"2008-10-02T16:38:50","modified_gmt":"2008-10-02T16:38:50","slug":"pavel-nunez-inicia-este-viernes-su-septima-gira-universitaria","status":"publish","type":"post","link":"https:\/\/diariodominicano.com\/?p=92339","title":{"rendered":"Pavel N\u00fa\u00f1ez inicia este viernes su s\u00e9ptima gira universitaria"},"content":{"rendered":"<p><body><\/p>\n<p align=\"justify\"><span class=\"titulogrande1\">Pavel  N\u00fa\u00f1ez inicia este viernes su s\u00e9ptima gira universitaria<\/span><br \/>&#13;<br \/>\n\u00a0<br \/>&#13;<br \/>\n<span class=\"text1noticias\"><img loading=\"lazy\" decoding=\"async\" src=\"http:\/\/localhost:8080\/gente\/img\/pave michel.jpg\" width=\"375\" height=\"491\" hspace=\"4\" align=\"left\" \/>Santo Domingo, Rep\u00fablica  Dominicana.- Pavel N\u00fa\u00f1ez inicia este viernes 3 de octubre su s\u00e9ptima Gira  Universitaria en la extensi\u00f3n de la Universidad Aut\u00f3noma  de Santo Domingo (UASD) de San Francisco de Macor\u00eds, donde llega para brindar a  los estudiantes toda su magia.<br \/>&#13;<br \/>\n  \u00a0<br \/>&#13;<br \/>\n  Por primera vez el cantante  llega acompa\u00f1ado de dos grandes de la m\u00fasica urbana, el cubano Michelle Fragoso  y la banda dominicana Calor Urbano.<br \/>&#13;<br \/>\n  \u00a0<br \/>&#13;<br \/>\n  Esta ser\u00eda la primera  presentaci\u00f3n de Fragoso en suelo dominicano y para ello prepara un show  acoplado con el espect\u00e1culo que Pavel lleva a escena.<br \/>&#13;<br \/>\n  \u00a0<br \/>&#13;<br \/>\n  Aunque no es la primera vez  que Pavel se presenta junto a la agrupaci\u00f3n Calor Urbano, en esta ocasi\u00f3n el  p\u00fablico saborear\u00e1 una propuesta diferente en el escenario de San Francisco de  Macor\u00eds.<br \/>&#13;<br \/>\n  \u00a0<br \/>&#13;<br \/>\n\u00abMe siento contento de  que tanto Michelle como \u00abLos Calores\u00bb (Calor Urbano) hayan aceptado  nuestra invitaci\u00f3n de participar en esta gira que tradicionalmente hacemos por  las universidades para ratificar el contacto con la generaci\u00f3n actual\u00bb,  refiere Pavel.<br \/>&#13;<br \/>\n  \u00a0<br \/>&#13;<br \/>\n  Sin dudas que San Francisco  recibir\u00e1 un plato fuerte en su universidad cuando este viernes al marcar las  ocho de la noche, comience \u00abEl Corredor de la 27\u00bb a entonar los  acordes de \u00abCuando hace Calor\u00bb, \u00abPaso a Paso\u00bb,  \u00abBethania\u00bb y dem\u00e1s.<br \/>&#13;<br \/>\n  \u00a0<br \/>&#13;<br \/>\n  Adem\u00e1s de San Francisco, la  gira universitaria de \u00d1\u00fa\u00f1ez se extender\u00e1 por Santiago, San Pedro de Macor\u00eds y  Santo Domingo.<br \/>&#13;<br \/>\n  \u00a0<br \/>&#13;<br \/>\n  En un montaje realizado por  el productor Homero Guerrero, N\u00fa\u00f1ez, promete un verdadero espect\u00e1culo en  escena, lleno de luces, magia y complicidad.<br \/>&#13;<br \/>\n  \u00a0<br \/>&#13;<br \/>\n  El tour la Gira Universitaria  comenz\u00f3 en el a\u00f1o 2001 como una iniciativa del cantante y V\u00edctor V\u00edctor, para  relacionarse con el p\u00fablico universitario que ven\u00eda subiendo en aquel momento,  logrando un \u00e9xito tan extraordinario que motiv\u00f3 la coordinaci\u00f3n de la misma  cada a\u00f1o.<br \/>&#13;<br \/>\n  \u00a0<br \/>&#13;<br \/>\nDesde entonces y a excepci\u00f3n  del 2004, Pavel y su banda \u00abEl Corredor de la 27\u00bb, paran lo que  tengan en agenda durante el mes de octubre para girar por las universidades del  pa\u00eds, llevando su m\u00fasica por los pueblos.<\/span><\/p>\n<p>&#13;<\/p>\n<h6> 2008-10-02 16:38:50 <\/h6>\n<p><!--\n<link rel=\"stylesheet\" href=\"css\/bootstrap.min.css\">\n\n\n<ul class=\"pagination\">\n\t    \n\t\n\n<li >\n\t<a href='?page_no=20960'>Previous<\/a>\n\t<\/li>\n\n\n       \n    \n\n<li><a href='?page_no=1'>1<\/a><\/li>\n\n\n\n<li><a href='?page_no=2'>2<\/a><\/li>\n\n\n\n<li><a>...<\/a><\/li>\n\n\n\n<li><a href='?page_no=20959'>20959<\/a><\/li>\n\n\n\n<li><a href='?page_no=20960'>20960<\/a><\/li>\n\n\n\n<li class='active'><a>20961<\/a><\/li>\n\n\n\n<li><a href='?page_no=20962'>20962<\/a><\/li>\n\n\n\n<li><a href='?page_no=20963'>20963<\/a><\/li>\n\n\n\n<li><a>...<\/a><\/li>\n\n\n\n<li><a href='?page_no=22522'>22522<\/a><\/li>\n\n\n\n<li><a href='?page_no=22523'>22523<\/a><\/li>\n\n    \n\t\n\n<li >\n\t<a href='?page_no=20962'>Next<\/a>\n\t<\/li>\n\n\n    \n\n<li><a href='?page_no=22523'>Last &rsaquo;&rsaquo;<\/a><\/li>\n\n<\/ul>\n\n\n--><br \/>\n<\/body><\/p>\n","protected":false},"excerpt":{"rendered":"<p>Pavel N\u00fa\u00f1ez inicia este viernes su s\u00e9ptima gira universitaria&#13; \u00a0&#13; Santo Domingo, Rep\u00fablica Dominicana.- Pavel N\u00fa\u00f1ez inicia este viernes 3 de octubre su s\u00e9ptima Gira Universitaria en la extensi\u00f3n de la Universidad Aut\u00f3noma de Santo Domingo (UASD) de San Francisco de Macor\u00eds, donde llega para brindar a los estudiantes toda su magia.&#13; \u00a0&#13; Por primera [&hellip;]<\/p>\n","protected":false},"author":3,"featured_media":0,"comment_status":"open","ping_status":"open","sticky":false,"template":"","format":"standard","meta":{"footnotes":""},"categories":[25],"tags":[],"class_list":["post-92339","post","type-post","status-publish","format-standard","hentry","category-gente"],"_links":{"self":[{"href":"https:\/\/diariodominicano.com\/index.php?rest_route=\/wp\/v2\/posts\/92339","targetHints":{"allow":["GET"]}}],"collection":[{"href":"https:\/\/diariodominicano.com\/index.php?rest_route=\/wp\/v2\/posts"}],"about":[{"href":"https:\/\/diariodominicano.com\/index.php?rest_route=\/wp\/v2\/types\/post"}],"author":[{"embeddable":true,"href":"https:\/\/diariodominicano.com\/index.php?rest_route=\/wp\/v2\/users\/3"}],"replies":[{"embeddable":true,"href":"https:\/\/diariodominicano.com\/index.php?rest_route=%2Fwp%2Fv2%2Fcomments&post=92339"}],"version-history":[{"count":0,"href":"https:\/\/diariodominicano.com\/index.php?rest_route=\/wp\/v2\/posts\/92339\/revisions"}],"wp:attachment":[{"href":"https:\/\/diariodominicano.com\/index.php?rest_route=%2Fwp%2Fv2%2Fmedia&parent=92339"}],"wp:term":[{"taxonomy":"category","embeddable":true,"href":"https:\/\/diariodominicano.com\/index.php?rest_route=%2Fwp%2Fv2%2Fcategories&post=92339"},{"taxonomy":"post_tag","embeddable":true,"href":"https:\/\/diariodominicano.com\/index.php?rest_route=%2Fwp%2Fv2%2Ftags&post=92339"}],"curies":[{"name":"wp","href":"https:\/\/api.w.org\/{rel}","templated":true}]}}