{"id":92336,"date":"2008-10-02T20:14:10","date_gmt":"2008-10-02T20:14:10","guid":{"rendered":"http:\/\/diariodominicano.ddns.net\/?p=92336"},"modified":"2008-10-02T20:14:10","modified_gmt":"2008-10-02T20:14:10","slug":"mentor-e-intec-realizaran-panel-liderazgo","status":"publish","type":"post","link":"https:\/\/diariodominicano.com\/?p=92336","title":{"rendered":"MENTOR E INTEC realizar\u00e1n panel liderazgo"},"content":{"rendered":"<p><body><\/p>\n<p class=\"titulogrande1\">MENTOR E INTEC realizar\u00e1n panel  liderazgo<\/p>\n<p>&#13;<\/p>\n<p align=\"justify\" class=\"text1noticias\">La <strong>Fundaci\u00f3n Mentor<\/strong> y la <strong>Universidad INTEC<\/strong> realizar\u00e1n un encuentro con sus estudiantes e invitados especiales el pr\u00f3ximo <strong>Jueves  9 de Octubre<\/strong> a las 4pm en el auditorio Osvaldo Garc\u00eda de  la Concha de esa alta casa de estudios.<\/p>\n<p>&#13;<\/p>\n<p align=\"justify\" class=\"text1noticias\">En  esta ocasi\u00f3n participar\u00e1n en el panel titulado <strong>II Encuentro de Liderazgo y \u00c9xito, \u00bd<em>trazando el camino hacia el \u00e9xito<\/em>\u00bd, <\/strong>el  cual contar\u00e1 con figuras de alto  nivel como el <strong>Dr. Jos\u00e9 Joaqu\u00edn Puello<\/strong>, destacado\u00a0  m\u00e9dico\u00a0 neurocirujano; <strong>Lic. Luis Marino L\u00f3pez<\/strong>, fundador de  unas de las cadenas de restaurantes\u00a0 m\u00e1s  famosas del pa\u00eds (Adrian Tropical)\u00a0 y la <strong>Ing. Natalia Lantigua<\/strong>, presidenta de la  Fundaci\u00f3n Mentor, emprendedora y adem\u00e1s egresada del INTEC, estos dirigir\u00e1n al  auditorio sus testimonios que de seguro lograr\u00e1n cautivar y servir de  motivaci\u00f3n para los j\u00f3venes presentes en la actividad.<\/p>\n<p>&#13;<\/p>\n<p align=\"justify\" class=\"text1noticias\">La <strong>misi\u00f3n <\/strong>de la <strong>Fundaci\u00f3n Mentor<\/strong> es servir de plataforma para <strong>crear relaciones Mentor\u2013Aspirante <\/strong>entre  personalidades de \u00e9xito y j\u00f3venes talentosos, con fines de que esa experiencia sirva de ejemplo  para que personalidades de \u00e9xito establecidas en nuestro pa\u00eds y el  mundo, se animen a dejar un legado a las nuevas generaciones que s\u00f3lo necesiten asesoramiento profesional y personal de alguien que posee una exitosa  trayectoria en ese rengl\u00f3n, como forma de contribuir e influenciar al  aspirante al logro de metas concretas que le auguren el \u00e9xito anhelado.<\/p>\n<p>&#13;<\/p>\n<p align=\"justify\" class=\"text1noticias\">La <strong>Fundaci\u00f3n Mentor<\/strong> inici\u00f3 sus operaciones recientemente y entre sus actividades se  encuentran adem\u00e1s: Programas de mentor\u00eda individual y grupal, programas de  pasant\u00edas, bolsas de empleo, charlas, talleres y cine-foros, paneles con  personalidades de \u00e9xito, premiaciones, entre otros.<\/p>\n<p>&#13;<\/p>\n<h6> 2008-10-02 20:14:10 <\/h6>\n<p><!--\n<link rel=\"stylesheet\" href=\"css\/bootstrap.min.css\">\n\n\n<ul class=\"pagination\">\n\t    \n\t\n\n<li >\n\t<a href='?page_no=20957'>Previous<\/a>\n\t<\/li>\n\n\n       \n    \n\n<li><a href='?page_no=1'>1<\/a><\/li>\n\n\n\n<li><a href='?page_no=2'>2<\/a><\/li>\n\n\n\n<li><a>...<\/a><\/li>\n\n\n\n<li><a href='?page_no=20956'>20956<\/a><\/li>\n\n\n\n<li><a href='?page_no=20957'>20957<\/a><\/li>\n\n\n\n<li class='active'><a>20958<\/a><\/li>\n\n\n\n<li><a href='?page_no=20959'>20959<\/a><\/li>\n\n\n\n<li><a href='?page_no=20960'>20960<\/a><\/li>\n\n\n\n<li><a>...<\/a><\/li>\n\n\n\n<li><a href='?page_no=22522'>22522<\/a><\/li>\n\n\n\n<li><a href='?page_no=22523'>22523<\/a><\/li>\n\n    \n\t\n\n<li >\n\t<a href='?page_no=20959'>Next<\/a>\n\t<\/li>\n\n\n    \n\n<li><a href='?page_no=22523'>Last &rsaquo;&rsaquo;<\/a><\/li>\n\n<\/ul>\n\n\n--><br \/>\n<\/body><\/p>\n","protected":false},"excerpt":{"rendered":"<p>MENTOR E INTEC realizar\u00e1n panel liderazgo &#13; La Fundaci\u00f3n Mentor y la Universidad INTEC realizar\u00e1n un encuentro con sus estudiantes e invitados especiales el pr\u00f3ximo Jueves 9 de Octubre a las 4pm en el auditorio Osvaldo Garc\u00eda de la Concha de esa alta casa de estudios. &#13; En esta ocasi\u00f3n participar\u00e1n en el panel titulado [&hellip;]<\/p>\n","protected":false},"author":3,"featured_media":0,"comment_status":"open","ping_status":"open","sticky":false,"template":"","format":"standard","meta":{"footnotes":""},"categories":[25],"tags":[],"class_list":["post-92336","post","type-post","status-publish","format-standard","hentry","category-gente"],"_links":{"self":[{"href":"https:\/\/diariodominicano.com\/index.php?rest_route=\/wp\/v2\/posts\/92336","targetHints":{"allow":["GET"]}}],"collection":[{"href":"https:\/\/diariodominicano.com\/index.php?rest_route=\/wp\/v2\/posts"}],"about":[{"href":"https:\/\/diariodominicano.com\/index.php?rest_route=\/wp\/v2\/types\/post"}],"author":[{"embeddable":true,"href":"https:\/\/diariodominicano.com\/index.php?rest_route=\/wp\/v2\/users\/3"}],"replies":[{"embeddable":true,"href":"https:\/\/diariodominicano.com\/index.php?rest_route=%2Fwp%2Fv2%2Fcomments&post=92336"}],"version-history":[{"count":0,"href":"https:\/\/diariodominicano.com\/index.php?rest_route=\/wp\/v2\/posts\/92336\/revisions"}],"wp:attachment":[{"href":"https:\/\/diariodominicano.com\/index.php?rest_route=%2Fwp%2Fv2%2Fmedia&parent=92336"}],"wp:term":[{"taxonomy":"category","embeddable":true,"href":"https:\/\/diariodominicano.com\/index.php?rest_route=%2Fwp%2Fv2%2Fcategories&post=92336"},{"taxonomy":"post_tag","embeddable":true,"href":"https:\/\/diariodominicano.com\/index.php?rest_route=%2Fwp%2Fv2%2Ftags&post=92336"}],"curies":[{"name":"wp","href":"https:\/\/api.w.org\/{rel}","templated":true}]}}