{"id":92334,"date":"2008-10-03T14:44:58","date_gmt":"2008-10-03T14:44:58","guid":{"rendered":"http:\/\/diariodominicano.ddns.net\/?p=92334"},"modified":"2008-10-03T14:44:58","modified_gmt":"2008-10-03T14:44:58","slug":"joe-veras-esta-muy-aferrado-es-el-nuevo-tema","status":"publish","type":"post","link":"https:\/\/diariodominicano.com\/?p=92334","title":{"rendered":"JOE VERAS ESTA MUY \u00abAFERRADO\u00bb \u2026ES EL NUEVO TEMA"},"content":{"rendered":"<p><body><\/p>\n<p><a href=\"http:\/\/espectaculoaldia.blogspot.com\/2008\/10\/joe-veras-esta-muy-aferrado-es-el-nuevo.html\" target=\"_blank\" rel=\"noopener noreferrer\"><\/a>  <span class=\"titulogrande1\">JOE VERAS ESTA MUY \u00abAFERRADO\u00bb \u2026ES EL NUEVO TEMA <\/span><\/p>\n<p>&#13;<\/p>\n<p align=\"justify\" class=\"text1noticias\"><em><strong><img loading=\"lazy\" decoding=\"async\" src=\"http:\/\/localhost:8080\/gente\/img\/musi bacha.jpg\" width=\"375\" height=\"1322\" hspace=\"4\" align=\"left\" \/><\/strong><\/em>Luego del \u00e9xito del corte  \u00abPido Auxilio\u00bb el popular bachatero Joe Veras se escucha en la radio  nacional con el sencillo \u00abAferrado\u00bb, una bachata de desamor que forma  parte de la m\u00e1s reciente producci\u00f3n del denominado \u00abHombre de tu  vida\u00bb.<strong><em><br \/>&#13;<br \/>\n        <br \/>&#13;<br \/>\n  <\/em><\/strong>El tema, que es autor\u00eda y arreglos de Joe Veras, es el segundo  promocional de la producci\u00f3n n\u00famero catorce del popular int\u00e9rprete de bachata  nacido en la provincia S\u00e1nchez Ram\u00edrez (Cotu\u00ed), bajo la firma del sello  disquero JVN Record.<br \/>&#13;<br \/>\n  <br \/>&#13;<br \/>\n  La tem\u00e1tica que trata el corte que ya esta en las estaciones radiales del pa\u00eds  es la insistencia de un amor que a pesar de no ser correspondido, trata de  hacer realidad sus pretensiones sentimentales aferr\u00e1ndose a una quimera.<br \/>&#13;<br \/>\n  <br \/>&#13;<br \/>\n  La bachata, que adem\u00e1s suena en algunos pa\u00edses de Europa y Estados Unidos, se  posiciona en los primeros lugares del top radial local por lo que el artista  dijo estar confiado en que el sencillo se tome en cuenta en las premiaciones  que eval\u00faan el a\u00f1o 2008.<br \/>&#13;<br \/>\n  <br \/>&#13;<br \/>\n  Joe Veras renov\u00f3 contra con su disquera JVN Record por cinco a\u00f1os m\u00e1s. Acaba de  regresar de una gira que lo llev\u00f3 por varias ciudades del continente europeo  como: Barcelona, Savaver, Madrid y Milano en Italia, donde particip\u00f3 en el  kilom\u00e9trico \u00abFestival Latinoamericano\u00bb siendo uno de los bachateros  m\u00e1s destacados.<\/p>\n<p>&#13;<\/p>\n<h6> 2008-10-03 14:44:58 <\/h6>\n<p><!--\n<link rel=\"stylesheet\" href=\"css\/bootstrap.min.css\">\n\n\n<ul class=\"pagination\">\n\t    \n\t\n\n<li >\n\t<a href='?page_no=20955'>Previous<\/a>\n\t<\/li>\n\n\n       \n    \n\n<li><a href='?page_no=1'>1<\/a><\/li>\n\n\n\n<li><a href='?page_no=2'>2<\/a><\/li>\n\n\n\n<li><a>...<\/a><\/li>\n\n\n\n<li><a href='?page_no=20954'>20954<\/a><\/li>\n\n\n\n<li><a href='?page_no=20955'>20955<\/a><\/li>\n\n\n\n<li class='active'><a>20956<\/a><\/li>\n\n\n\n<li><a href='?page_no=20957'>20957<\/a><\/li>\n\n\n\n<li><a href='?page_no=20958'>20958<\/a><\/li>\n\n\n\n<li><a>...<\/a><\/li>\n\n\n\n<li><a href='?page_no=22522'>22522<\/a><\/li>\n\n\n\n<li><a href='?page_no=22523'>22523<\/a><\/li>\n\n    \n\t\n\n<li >\n\t<a href='?page_no=20957'>Next<\/a>\n\t<\/li>\n\n\n    \n\n<li><a href='?page_no=22523'>Last &rsaquo;&rsaquo;<\/a><\/li>\n\n<\/ul>\n\n\n--><br \/>\n<\/body><\/p>\n","protected":false},"excerpt":{"rendered":"<p>JOE VERAS ESTA MUY \u00abAFERRADO\u00bb \u2026ES EL NUEVO TEMA &#13; Luego del \u00e9xito del corte \u00abPido Auxilio\u00bb el popular bachatero Joe Veras se escucha en la radio nacional con el sencillo \u00abAferrado\u00bb, una bachata de desamor que forma parte de la m\u00e1s reciente producci\u00f3n del denominado \u00abHombre de tu vida\u00bb.&#13; &#13; El tema, que es [&hellip;]<\/p>\n","protected":false},"author":3,"featured_media":0,"comment_status":"open","ping_status":"open","sticky":false,"template":"","format":"standard","meta":{"footnotes":""},"categories":[25],"tags":[],"class_list":["post-92334","post","type-post","status-publish","format-standard","hentry","category-gente"],"_links":{"self":[{"href":"https:\/\/diariodominicano.com\/index.php?rest_route=\/wp\/v2\/posts\/92334","targetHints":{"allow":["GET"]}}],"collection":[{"href":"https:\/\/diariodominicano.com\/index.php?rest_route=\/wp\/v2\/posts"}],"about":[{"href":"https:\/\/diariodominicano.com\/index.php?rest_route=\/wp\/v2\/types\/post"}],"author":[{"embeddable":true,"href":"https:\/\/diariodominicano.com\/index.php?rest_route=\/wp\/v2\/users\/3"}],"replies":[{"embeddable":true,"href":"https:\/\/diariodominicano.com\/index.php?rest_route=%2Fwp%2Fv2%2Fcomments&post=92334"}],"version-history":[{"count":0,"href":"https:\/\/diariodominicano.com\/index.php?rest_route=\/wp\/v2\/posts\/92334\/revisions"}],"wp:attachment":[{"href":"https:\/\/diariodominicano.com\/index.php?rest_route=%2Fwp%2Fv2%2Fmedia&parent=92334"}],"wp:term":[{"taxonomy":"category","embeddable":true,"href":"https:\/\/diariodominicano.com\/index.php?rest_route=%2Fwp%2Fv2%2Fcategories&post=92334"},{"taxonomy":"post_tag","embeddable":true,"href":"https:\/\/diariodominicano.com\/index.php?rest_route=%2Fwp%2Fv2%2Ftags&post=92334"}],"curies":[{"name":"wp","href":"https:\/\/api.w.org\/{rel}","templated":true}]}}