{"id":92333,"date":"2008-10-03T18:08:21","date_gmt":"2008-10-03T18:08:21","guid":{"rendered":"http:\/\/diariodominicano.ddns.net\/?p=92333"},"modified":"2008-10-03T18:08:21","modified_gmt":"2008-10-03T18:08:21","slug":"el-caballero-de-la-salsa-se-confiesa-en-noche-de-luz","status":"publish","type":"post","link":"https:\/\/diariodominicano.com\/?p=92333","title":{"rendered":"El Caballero de la Salsa se confiesa en \u201cNoche de Luz\u201d"},"content":{"rendered":"<p><body><\/p>\n<p align=\"justify\"><span class=\"titulogrande1\"><strong>El Caballero de  la Salsa se  confiesa en \u201cNoche de Luz\u201d<\/strong>\u00a0\u00a0<\/span><br \/>&#13;<br \/>\n  <br \/>&#13;<br \/>\n    <span class=\"text1noticias\"><img loading=\"lazy\" decoding=\"async\" src=\"http:\/\/localhost:8080\/gente\/img\/noche lu.jpg\" width=\"375\" height=\"500\" hspace=\"4\" align=\"left\" \/>SANTO DOMINGO.-  Gilberto Santa Rosa abre su coraz\u00f3n en Noche de Luz, en una entrevista en la  que adem\u00e1s de exteriorizarnos sus sentimientos y futuros acontecimientos con su  actual pareja, la dominicana Alexandra Malag\u00f3n, hace una \u00a0 una fuerte cr\u00edtica a los premios Grammy por la  exclusi\u00f3n de la m\u00fasica tropical. \u00a0<br \/>&#13;<br \/>\n    <br \/>&#13;<br \/>\n    Nos habla de  sus hijos, de sus gustos, y sorpr\u00e9ndase usted con los proyectos y planes de  este vers\u00e1til artista boricua quien muy pronto estar\u00e1 incursionando en nuevas  \u00e1reas del arte y comparte con nosotros todos los detalles.\u00a0<br \/>&#13;<br \/>\n    <br \/>&#13;<br \/>\n    Disfrutaremos  adem\u00e1s,\u00a0 y en exclusiva, parte de su exitosa presentaci\u00f3n en la discoteca  Jet Set. \u00a0<br \/>&#13;<br \/>\n    <br \/>&#13;<br \/>\nEn otro  segmento, Kendra Wilkinson, la popular playmate estadounidense nos ofrece  detalles en exclusiva de su vida en la mansi\u00f3n Playboy y su relaci\u00f3n con Hugh  Hefner.<\/span><\/p>\n<p>&#13;<\/p>\n<p align=\"justify\" class=\"text1noticias\">Un interesante  trabajo del equipo de producci\u00f3n sobre el \u201cRelevo generacional en la m\u00fasica  dominicana\u201d y en \u201cFlashes\u201d, Keyther trae todos los detalles del concurso Elite  Models Look. \u00a0<br \/>&#13;<br \/>\n  <br \/>&#13;<br \/>\n  Pendiente a  todos los detalles de nuestro contenido para que participe de nuestro concurso  \u201cNoche de Luz le Pone Ruedas a tu Suerte\u201d. M\u00e1s detalles en <a href=\"http:\/\/www.nochedeluz.net\/\" target=\"_blank\" rel=\"noopener noreferrer\">www.nochedeluz.net<\/a> y en la prensa.\u00a0<br \/>&#13;<br \/>\n  <br \/>&#13;<br \/>\n  No se pierda  nuestra Revista Semanal de Variedades cada s\u00e1bado de\u00a0 9:00 a 10:00 de la  noche, por Antena Latina.\u00a0<\/p>\n<p>&#13;<\/p>\n<h6> 2008-10-03 18:08:21 <\/h6>\n<p><!--\n<link rel=\"stylesheet\" href=\"css\/bootstrap.min.css\">\n\n\n<ul class=\"pagination\">\n\t    \n\t\n\n<li >\n\t<a href='?page_no=20954'>Previous<\/a>\n\t<\/li>\n\n\n       \n    \n\n<li><a href='?page_no=1'>1<\/a><\/li>\n\n\n\n<li><a href='?page_no=2'>2<\/a><\/li>\n\n\n\n<li><a>...<\/a><\/li>\n\n\n\n<li><a href='?page_no=20953'>20953<\/a><\/li>\n\n\n\n<li><a href='?page_no=20954'>20954<\/a><\/li>\n\n\n\n<li class='active'><a>20955<\/a><\/li>\n\n\n\n<li><a href='?page_no=20956'>20956<\/a><\/li>\n\n\n\n<li><a href='?page_no=20957'>20957<\/a><\/li>\n\n\n\n<li><a>...<\/a><\/li>\n\n\n\n<li><a href='?page_no=22522'>22522<\/a><\/li>\n\n\n\n<li><a href='?page_no=22523'>22523<\/a><\/li>\n\n    \n\t\n\n<li >\n\t<a href='?page_no=20956'>Next<\/a>\n\t<\/li>\n\n\n    \n\n<li><a href='?page_no=22523'>Last &rsaquo;&rsaquo;<\/a><\/li>\n\n<\/ul>\n\n\n--><br \/>\n<\/body><\/p>\n","protected":false},"excerpt":{"rendered":"<p>El Caballero de la Salsa se confiesa en \u201cNoche de Luz\u201d\u00a0\u00a0&#13; &#13; SANTO DOMINGO.- Gilberto Santa Rosa abre su coraz\u00f3n en Noche de Luz, en una entrevista en la que adem\u00e1s de exteriorizarnos sus sentimientos y futuros acontecimientos con su actual pareja, la dominicana Alexandra Malag\u00f3n, hace una \u00a0 una fuerte cr\u00edtica a los premios [&hellip;]<\/p>\n","protected":false},"author":3,"featured_media":0,"comment_status":"open","ping_status":"open","sticky":false,"template":"","format":"standard","meta":{"footnotes":""},"categories":[25],"tags":[],"class_list":["post-92333","post","type-post","status-publish","format-standard","hentry","category-gente"],"_links":{"self":[{"href":"https:\/\/diariodominicano.com\/index.php?rest_route=\/wp\/v2\/posts\/92333","targetHints":{"allow":["GET"]}}],"collection":[{"href":"https:\/\/diariodominicano.com\/index.php?rest_route=\/wp\/v2\/posts"}],"about":[{"href":"https:\/\/diariodominicano.com\/index.php?rest_route=\/wp\/v2\/types\/post"}],"author":[{"embeddable":true,"href":"https:\/\/diariodominicano.com\/index.php?rest_route=\/wp\/v2\/users\/3"}],"replies":[{"embeddable":true,"href":"https:\/\/diariodominicano.com\/index.php?rest_route=%2Fwp%2Fv2%2Fcomments&post=92333"}],"version-history":[{"count":0,"href":"https:\/\/diariodominicano.com\/index.php?rest_route=\/wp\/v2\/posts\/92333\/revisions"}],"wp:attachment":[{"href":"https:\/\/diariodominicano.com\/index.php?rest_route=%2Fwp%2Fv2%2Fmedia&parent=92333"}],"wp:term":[{"taxonomy":"category","embeddable":true,"href":"https:\/\/diariodominicano.com\/index.php?rest_route=%2Fwp%2Fv2%2Fcategories&post=92333"},{"taxonomy":"post_tag","embeddable":true,"href":"https:\/\/diariodominicano.com\/index.php?rest_route=%2Fwp%2Fv2%2Ftags&post=92333"}],"curies":[{"name":"wp","href":"https:\/\/api.w.org\/{rel}","templated":true}]}}