{"id":92330,"date":"2008-10-03T21:14:11","date_gmt":"2008-10-03T21:14:11","guid":{"rendered":"http:\/\/diariodominicano.ddns.net\/?p=92330"},"modified":"2008-10-03T21:14:11","modified_gmt":"2008-10-03T21:14:11","slug":"moda-2008-a-beneficio-de-la-rama-femenina-del-patronato-contra-el-cancer","status":"publish","type":"post","link":"https:\/\/diariodominicano.com\/?p=92330","title":{"rendered":"Moda 2008 a beneficio de la Rama Femenina del Patronato contra el c\u00e1ncer"},"content":{"rendered":"<p><body><\/p>\n<p><span class=\"text1noticias\">Camila  en Dominicana<\/span><br \/>&#13;<br \/>\n    <br \/>&#13;<br \/>\n    <span class=\"titulogrande1\">Moda 2008 a beneficio de la Rama Femenina del  Patronato contra el c\u00e1ncer<\/span><\/p>\n<p>&#13;<\/p>\n<p align=\"justify\" class=\"text1noticias\"><img loading=\"lazy\" decoding=\"async\" src=\"http:\/\/localhost:8080\/gente\/img\/cami moda.jpg\" width=\"375\" height=\"280\" hspace=\"4\" align=\"left\" \/>Santo Domingo.- Persio Abreu  S.A. a nombre de\u00a0 su marca \u201cCamila\u201d,  anunci\u00f3 formalmente su participaci\u00f3n en DOMINICANA MODA 2008, ofreciendo su  participaci\u00f3n a beneficio\u00a0 de la\u00a0   Rama Femenina del Patronato Cibae\u00f1o Contra el C\u00e1ncer  en el evento DM2008.;en el desfile Intensa 2009, que ser\u00e1 celebrado el d\u00eda  jueves 16 de octubre a las 5:30 PM en la\u00a0  sede de la Semana  de la Moda  dominicana : el Hotel Embajador<br \/>&#13;<br \/>\n  \u00a0<br \/>&#13;<br \/>\n Alba Luz de Abreu directora  de del departamento de desarrollo del producto de \u201cCamila\u201d dijo sentirse muy  entusiasmada de unirse a la   Rama Femenina, y que \u201cCamila\u201d apoye proyectos que asistan  personas que padecen de c\u00e1ncer.<\/p>\n<p>&#13;<\/p>\n<p align=\"justify\" class=\"text1noticias\">\u201cEstamos muy contentos de poder participar en  este importante evento de la moda dominicana y que a trav\u00e9s del Patronato  Cibae\u00f1o, podamos\u00a0 apoyarlos en sus  iniciativas; en este desfile\u00a0 traemos una  propuesta vanguardista \u201cIntensa 2009\u201d,  que busca delicadeza, evoca feminidad con la suavidad de las telas y el perfume  de los colores, prendas f\u00e1ciles de mezclar y combinar para reflejar el encanto  y personalidad de la mujer de hoy\u201d<br \/>&#13;<br \/>\n  <br \/>&#13;<br \/>\nPor su parte, la presidenta  de la Rama Femenina  del Patronato Cibae\u00f1o Contra el C\u00e1ncer Olga de Gonz\u00e1lez di\u00f3 las gracias a la  firma Persio Abreu, S. A., con su marca\u00a0  \u201cCamila\u201d,\u00a0 por el entusiasmo co  que han asumido este proyecto\u00a0 y que su  beneficio sea a favor de los enfermos\u00a0  que ellos\u00a0 tratan, entendiendo ese  gesto de solidaridad un estimulo\u00a0\u00a0 a seguir trabajando en ofrecer un servicio  al alcance de quienes lo necesiten.<\/p>\n<p>&#13;<\/p>\n<h6> 2008-10-03 21:14:11 <\/h6>\n<p><!--\n<link rel=\"stylesheet\" href=\"css\/bootstrap.min.css\">\n\n\n<ul class=\"pagination\">\n\t    \n\t\n\n<li >\n\t<a href='?page_no=20951'>Previous<\/a>\n\t<\/li>\n\n\n       \n    \n\n<li><a href='?page_no=1'>1<\/a><\/li>\n\n\n\n<li><a href='?page_no=2'>2<\/a><\/li>\n\n\n\n<li><a>...<\/a><\/li>\n\n\n\n<li><a href='?page_no=20950'>20950<\/a><\/li>\n\n\n\n<li><a href='?page_no=20951'>20951<\/a><\/li>\n\n\n\n<li class='active'><a>20952<\/a><\/li>\n\n\n\n<li><a href='?page_no=20953'>20953<\/a><\/li>\n\n\n\n<li><a href='?page_no=20954'>20954<\/a><\/li>\n\n\n\n<li><a>...<\/a><\/li>\n\n\n\n<li><a href='?page_no=22522'>22522<\/a><\/li>\n\n\n\n<li><a href='?page_no=22523'>22523<\/a><\/li>\n\n    \n\t\n\n<li >\n\t<a href='?page_no=20953'>Next<\/a>\n\t<\/li>\n\n\n    \n\n<li><a href='?page_no=22523'>Last &rsaquo;&rsaquo;<\/a><\/li>\n\n<\/ul>\n\n\n--><br \/>\n<\/body><\/p>\n","protected":false},"excerpt":{"rendered":"<p>Camila en Dominicana&#13; &#13; Moda 2008 a beneficio de la Rama Femenina del Patronato contra el c\u00e1ncer &#13; Santo Domingo.- Persio Abreu S.A. a nombre de\u00a0 su marca \u201cCamila\u201d, anunci\u00f3 formalmente su participaci\u00f3n en DOMINICANA MODA 2008, ofreciendo su participaci\u00f3n a beneficio\u00a0 de la\u00a0 Rama Femenina del Patronato Cibae\u00f1o Contra el C\u00e1ncer en el evento [&hellip;]<\/p>\n","protected":false},"author":3,"featured_media":0,"comment_status":"open","ping_status":"open","sticky":false,"template":"","format":"standard","meta":{"footnotes":""},"categories":[25],"tags":[],"class_list":["post-92330","post","type-post","status-publish","format-standard","hentry","category-gente"],"_links":{"self":[{"href":"https:\/\/diariodominicano.com\/index.php?rest_route=\/wp\/v2\/posts\/92330","targetHints":{"allow":["GET"]}}],"collection":[{"href":"https:\/\/diariodominicano.com\/index.php?rest_route=\/wp\/v2\/posts"}],"about":[{"href":"https:\/\/diariodominicano.com\/index.php?rest_route=\/wp\/v2\/types\/post"}],"author":[{"embeddable":true,"href":"https:\/\/diariodominicano.com\/index.php?rest_route=\/wp\/v2\/users\/3"}],"replies":[{"embeddable":true,"href":"https:\/\/diariodominicano.com\/index.php?rest_route=%2Fwp%2Fv2%2Fcomments&post=92330"}],"version-history":[{"count":0,"href":"https:\/\/diariodominicano.com\/index.php?rest_route=\/wp\/v2\/posts\/92330\/revisions"}],"wp:attachment":[{"href":"https:\/\/diariodominicano.com\/index.php?rest_route=%2Fwp%2Fv2%2Fmedia&parent=92330"}],"wp:term":[{"taxonomy":"category","embeddable":true,"href":"https:\/\/diariodominicano.com\/index.php?rest_route=%2Fwp%2Fv2%2Fcategories&post=92330"},{"taxonomy":"post_tag","embeddable":true,"href":"https:\/\/diariodominicano.com\/index.php?rest_route=%2Fwp%2Fv2%2Ftags&post=92330"}],"curies":[{"name":"wp","href":"https:\/\/api.w.org\/{rel}","templated":true}]}}