{"id":92329,"date":"2008-10-03T21:20:08","date_gmt":"2008-10-03T21:20:08","guid":{"rendered":"http:\/\/diariodominicano.ddns.net\/?p=92329"},"modified":"2008-10-03T21:20:08","modified_gmt":"2008-10-03T21:20:08","slug":"albita-rey-ruiz-y-donato-poveda-celebran-la-tradicion-en-cuba-un-viaje-musical","status":"publish","type":"post","link":"https:\/\/diariodominicano.com\/?p=92329","title":{"rendered":"Albita, Rey Ruiz y Donato Poveda celebran la tradici\u00f3n en \u201cCuba: Un Viaje Musical\u201d"},"content":{"rendered":"<p><body><\/p>\n<p class=\"titulogrande1\"><strong>Albita,  Rey Ruiz y Donato Poveda celebran la tradici\u00f3n en \u201cCuba: Un Viaje Musical\u201d<\/strong><\/p>\n<p>&#13;<\/p>\n<p align=\"justify\" class=\"text1noticias\"><img loading=\"lazy\" decoding=\"async\" src=\"http:\/\/localhost:8080\/gente\/img\/tres espec.jpg\" width=\"375\" height=\"180\" hspace=\"4\" align=\"left\" \/>Miami, FL, 3 de octubre del 2008.- El premio m\u00e1s importante  para un producto musical es el de la gente y por esa raz\u00f3n <strong>Albita, Rey Ruiz <\/strong>y<strong> Donato  Poveda<\/strong> celebran el \u00e9xito del disco \u201cCuba: Un Viaje Musical\u201d, donde se  reunieron para ofrecer un trabajo con la calidad que su tierra y sus carreras  se merec\u00edan.<br \/>&#13;<br \/>\n  <br \/>&#13;<br \/>\n  El \u00e1lbum, nominado\u00a0  para el Latin GRAMMY\u00ae en la categor\u00eda \u201cMejor \u00c1lbum Tropical  Tradicional\u201d, ofrece un viaje de sonidos por la isla caribe\u00f1a, desde el  carnaval oriental, las verbenas provincianas y las canciones de familia que  resumen alegr\u00eda y nostalgia.<br \/>&#13;<br \/>\n  <br \/>&#13;<br \/>\n  Agotado a las pocas semanas de su lanzamiento en abril  pasado, el disco regresa a las tiendas a pedido del p\u00fablico que reconoce en \u00e9l  un homenaje pocas veces visto a la tradici\u00f3n cubana.<br \/>&#13;<br \/>\n  <br \/>&#13;<br \/>\n  \u201cVoy a Pinar del R\u00edo\u201d, \u201cMarianao\u201d, \u201cHermosa Habana\u201d, \u201cSeis  lindas cubanas\u201d\u00a0 y \u201cConozca a Cuba  primero\u201d, son parte del repertorio que en su momento fue interpretado por las  legendarias voces de <strong>Beny Mor\u00e9<\/strong>, el <strong>Tr\u00edo Matamoros<\/strong>, <strong>Celia Cruz<\/strong> y el <strong>Conjunto  Riverside<\/strong>, entre otros grandes.<br \/>&#13;<br \/>\n  <br \/>&#13;<br \/>\n  Conjuntamente con Albita, Rey Ruiz y Donato Poveda, tambi\u00e9n  participa en el \u00e1lbum <strong>Willy Chirino<\/strong>,  como invitado especial en el tema de su autor\u00eda y <strong>Che\u00edn G. Alonso<\/strong>, \u201cH\u00e1blame de Jatibonico\u201d.<br \/>&#13;<br \/>\n  <br \/>&#13;<br \/>\n  \u201cCuba: Un Viaje Musical\u201d, contin\u00faa disponible en las  tiendas, incluyendo Lily\u00b4s Records y en tiendas online.<\/p>\n<p>&#13;<\/p>\n<h6> 2008-10-03 21:20:08 <\/h6>\n<p><!--\n<link rel=\"stylesheet\" href=\"css\/bootstrap.min.css\">\n\n\n<ul class=\"pagination\">\n\t    \n\t\n\n<li >\n\t<a href='?page_no=20950'>Previous<\/a>\n\t<\/li>\n\n\n       \n    \n\n<li><a href='?page_no=1'>1<\/a><\/li>\n\n\n\n<li><a href='?page_no=2'>2<\/a><\/li>\n\n\n\n<li><a>...<\/a><\/li>\n\n\n\n<li><a href='?page_no=20949'>20949<\/a><\/li>\n\n\n\n<li><a href='?page_no=20950'>20950<\/a><\/li>\n\n\n\n<li class='active'><a>20951<\/a><\/li>\n\n\n\n<li><a href='?page_no=20952'>20952<\/a><\/li>\n\n\n\n<li><a href='?page_no=20953'>20953<\/a><\/li>\n\n\n\n<li><a>...<\/a><\/li>\n\n\n\n<li><a href='?page_no=22522'>22522<\/a><\/li>\n\n\n\n<li><a href='?page_no=22523'>22523<\/a><\/li>\n\n    \n\t\n\n<li >\n\t<a href='?page_no=20952'>Next<\/a>\n\t<\/li>\n\n\n    \n\n<li><a href='?page_no=22523'>Last &rsaquo;&rsaquo;<\/a><\/li>\n\n<\/ul>\n\n\n--><br \/>\n<\/body><\/p>\n","protected":false},"excerpt":{"rendered":"<p>Albita, Rey Ruiz y Donato Poveda celebran la tradici\u00f3n en \u201cCuba: Un Viaje Musical\u201d &#13; Miami, FL, 3 de octubre del 2008.- El premio m\u00e1s importante para un producto musical es el de la gente y por esa raz\u00f3n Albita, Rey Ruiz y Donato Poveda celebran el \u00e9xito del disco \u201cCuba: Un Viaje Musical\u201d, donde [&hellip;]<\/p>\n","protected":false},"author":3,"featured_media":0,"comment_status":"open","ping_status":"open","sticky":false,"template":"","format":"standard","meta":{"footnotes":""},"categories":[25],"tags":[],"class_list":["post-92329","post","type-post","status-publish","format-standard","hentry","category-gente"],"_links":{"self":[{"href":"https:\/\/diariodominicano.com\/index.php?rest_route=\/wp\/v2\/posts\/92329","targetHints":{"allow":["GET"]}}],"collection":[{"href":"https:\/\/diariodominicano.com\/index.php?rest_route=\/wp\/v2\/posts"}],"about":[{"href":"https:\/\/diariodominicano.com\/index.php?rest_route=\/wp\/v2\/types\/post"}],"author":[{"embeddable":true,"href":"https:\/\/diariodominicano.com\/index.php?rest_route=\/wp\/v2\/users\/3"}],"replies":[{"embeddable":true,"href":"https:\/\/diariodominicano.com\/index.php?rest_route=%2Fwp%2Fv2%2Fcomments&post=92329"}],"version-history":[{"count":0,"href":"https:\/\/diariodominicano.com\/index.php?rest_route=\/wp\/v2\/posts\/92329\/revisions"}],"wp:attachment":[{"href":"https:\/\/diariodominicano.com\/index.php?rest_route=%2Fwp%2Fv2%2Fmedia&parent=92329"}],"wp:term":[{"taxonomy":"category","embeddable":true,"href":"https:\/\/diariodominicano.com\/index.php?rest_route=%2Fwp%2Fv2%2Fcategories&post=92329"},{"taxonomy":"post_tag","embeddable":true,"href":"https:\/\/diariodominicano.com\/index.php?rest_route=%2Fwp%2Fv2%2Ftags&post=92329"}],"curies":[{"name":"wp","href":"https:\/\/api.w.org\/{rel}","templated":true}]}}