{"id":92326,"date":"2008-10-07T19:39:51","date_gmt":"2008-10-07T19:39:51","guid":{"rendered":"http:\/\/diariodominicano.ddns.net\/?p=92326"},"modified":"2008-10-07T19:39:51","modified_gmt":"2008-10-07T19:39:51","slug":"decadas-el-concierto-de-las-estrellas-en-miami","status":"publish","type":"post","link":"https:\/\/diariodominicano.com\/?p=92326","title":{"rendered":"D\u00e9cadas el concierto de las estrellas en Miami"},"content":{"rendered":"<p><body><\/p>\n<p align=\"justify\"><span class=\"titulogrande1\">D\u00e9cadas el concierto  de las estrellas en Miami<\/span><br \/>&#13;<br \/>\n  <br \/>&#13;<br \/>\n    <span class=\"text1noticias\"><img loading=\"lazy\" decoding=\"async\" src=\"http:\/\/localhost:8080\/gente\/img\/estrella miami.jpg\" width=\"375\" height=\"580\" hspace=\"4\" align=\"left\" \/>Miami, FL, 7 de  octubre del 2008.- Despu\u00e9s de un rotundo \u00e9xito en el Madison Square Garden,  viene a presentarse en el James L. Knight International Center de Miami el  concierto \u201cD\u00e9cadas\u201d. El pr\u00f3ximo s\u00e1bado 11 de octubre, a partir de las 8:00  p.m., la m\u00fasica y el humor ser\u00e1n el motivo de un encuentro de grandes artistas  de la m\u00fasica tropical de todos los tiempos.<br \/>&#13;<br \/>\n    <br \/>&#13;<br \/>\n    <strong>Cheo Feliciano, Luis Enrique, Tito Rojas,  Paquito Guzm\u00e1n, Tony Vega, Cali Alem\u00e1n, Giro, Albita, Michael Stuart, Charlie  Zaa, Pedro Jes\u00fas, Van Lester y Aymee Nuviola, <\/strong>presentar\u00e1n su show unidos bajo el t\u00edtulo de  \u201cD\u00e9cadas\u201d, donde la m\u00fasica ser\u00e1 la protagonista, bajo la direcci\u00f3n musical del  maestro <strong>Ra\u00fal Gallimore <\/strong>y la  producci\u00f3n general de <strong>George Ferro<\/strong>.<br \/>&#13;<br \/>\n    <br \/>&#13;<br \/>\n    Adem\u00e1s, la gracia  del famoso comediante cubano <strong>Alexis  Vald\u00e9s, <\/strong>que llegar\u00e1 al escenario con el personaje de \u2018Cristinito\u2019, uno de  los m\u00e1s queridos por su p\u00fablico.<br \/>&#13;<br \/>\n    <br \/>&#13;<br \/>\n\u201cD\u00e9cadas\u201d ser\u00e1 un  concierto espectacular conducido por el destacado presentador <strong>Paco Navarro<\/strong> y se realizar\u00e1 este s\u00e1bado  11 de octubre desde las 8:00 p.m. en el James L. Knight International Center  ubicado en<strong>el400 SE Segunda avenida, Miami, FL<\/strong>. Las entradas est\u00e1n a  la venta en Ticketmaster, en la taquilla del teatro y en \u201cDo Re Mi Records\u201d,  situado en la 1829 SW 8th St, Miami, FL 33135.<\/span><\/p>\n<p>&#13;<\/p>\n<h6> 2008-10-07 19:39:51 <\/h6>\n<p><!--\n<link rel=\"stylesheet\" href=\"css\/bootstrap.min.css\">\n\n\n<ul class=\"pagination\">\n\t    \n\t\n\n<li >\n\t<a href='?page_no=20947'>Previous<\/a>\n\t<\/li>\n\n\n       \n    \n\n<li><a href='?page_no=1'>1<\/a><\/li>\n\n\n\n<li><a href='?page_no=2'>2<\/a><\/li>\n\n\n\n<li><a>...<\/a><\/li>\n\n\n\n<li><a href='?page_no=20946'>20946<\/a><\/li>\n\n\n\n<li><a href='?page_no=20947'>20947<\/a><\/li>\n\n\n\n<li class='active'><a>20948<\/a><\/li>\n\n\n\n<li><a href='?page_no=20949'>20949<\/a><\/li>\n\n\n\n<li><a href='?page_no=20950'>20950<\/a><\/li>\n\n\n\n<li><a>...<\/a><\/li>\n\n\n\n<li><a href='?page_no=22522'>22522<\/a><\/li>\n\n\n\n<li><a href='?page_no=22523'>22523<\/a><\/li>\n\n    \n\t\n\n<li >\n\t<a href='?page_no=20949'>Next<\/a>\n\t<\/li>\n\n\n    \n\n<li><a href='?page_no=22523'>Last &rsaquo;&rsaquo;<\/a><\/li>\n\n<\/ul>\n\n\n--><br \/>\n<\/body><\/p>\n","protected":false},"excerpt":{"rendered":"<p>D\u00e9cadas el concierto de las estrellas en Miami&#13; &#13; Miami, FL, 7 de octubre del 2008.- Despu\u00e9s de un rotundo \u00e9xito en el Madison Square Garden, viene a presentarse en el James L. Knight International Center de Miami el concierto \u201cD\u00e9cadas\u201d. El pr\u00f3ximo s\u00e1bado 11 de octubre, a partir de las 8:00 p.m., la m\u00fasica [&hellip;]<\/p>\n","protected":false},"author":3,"featured_media":0,"comment_status":"open","ping_status":"open","sticky":false,"template":"","format":"standard","meta":{"footnotes":""},"categories":[25],"tags":[],"class_list":["post-92326","post","type-post","status-publish","format-standard","hentry","category-gente"],"_links":{"self":[{"href":"https:\/\/diariodominicano.com\/index.php?rest_route=\/wp\/v2\/posts\/92326","targetHints":{"allow":["GET"]}}],"collection":[{"href":"https:\/\/diariodominicano.com\/index.php?rest_route=\/wp\/v2\/posts"}],"about":[{"href":"https:\/\/diariodominicano.com\/index.php?rest_route=\/wp\/v2\/types\/post"}],"author":[{"embeddable":true,"href":"https:\/\/diariodominicano.com\/index.php?rest_route=\/wp\/v2\/users\/3"}],"replies":[{"embeddable":true,"href":"https:\/\/diariodominicano.com\/index.php?rest_route=%2Fwp%2Fv2%2Fcomments&post=92326"}],"version-history":[{"count":0,"href":"https:\/\/diariodominicano.com\/index.php?rest_route=\/wp\/v2\/posts\/92326\/revisions"}],"wp:attachment":[{"href":"https:\/\/diariodominicano.com\/index.php?rest_route=%2Fwp%2Fv2%2Fmedia&parent=92326"}],"wp:term":[{"taxonomy":"category","embeddable":true,"href":"https:\/\/diariodominicano.com\/index.php?rest_route=%2Fwp%2Fv2%2Fcategories&post=92326"},{"taxonomy":"post_tag","embeddable":true,"href":"https:\/\/diariodominicano.com\/index.php?rest_route=%2Fwp%2Fv2%2Ftags&post=92326"}],"curies":[{"name":"wp","href":"https:\/\/api.w.org\/{rel}","templated":true}]}}