{"id":92325,"date":"2008-10-07T19:43:49","date_gmt":"2008-10-07T19:43:49","guid":{"rendered":"http:\/\/diariodominicano.ddns.net\/?p=92325"},"modified":"2008-10-07T19:43:49","modified_gmt":"2008-10-07T19:43:49","slug":"a-alta-mar-por-la-hispanidad","status":"publish","type":"post","link":"https:\/\/diariodominicano.com\/?p=92325","title":{"rendered":"A alta mar por la Hispanidad"},"content":{"rendered":"<p><body><\/p>\n<p align=\"center\" class=\"titulogrande1\">A alta mar por la Hispanidad <\/p>\n<p>&#13;<\/p>\n<p align=\"justify\" class=\"text1noticias\"><em><img loading=\"lazy\" decoding=\"async\" src=\"http:\/\/localhost:8080\/gente\/img\/regata hispa.jpg\" width=\"375\" height=\"1952\" hspace=\"4\" align=\"left\" \/>La <strong>Embajada de Espa\u00f1a<\/strong>, la <strong>Casa de Espa\u00f1a<\/strong> y la <strong>Federaci\u00f3n Dominicana de Vela<\/strong> organizan  la <strong>Regata de la Hispanidad 2008<\/strong>, que  tendr\u00e1 lugar los d\u00edas <strong>11 y 12 de octubre <\/strong>para velas crucero, y el <strong>18 y 19 de  octubre<\/strong> para velas ligeras. <\/em><\/p>\n<p>&#13;<\/p>\n<p align=\"justify\" class=\"text1noticias\">La convocatoria para los  participantes de la <strong>Regata de la Hispanidad 2008<\/strong> est\u00e1 abierta para toda la flota de vela crucero clase A, clase B y Overall; y  est\u00e1 dirigido a todos los atletas de Optimists, Sunfish y Laser. <\/p>\n<p>&#13;<\/p>\n<p align=\"justify\" class=\"text1noticias\"><strong>El presidente de Casa de Espa\u00f1a<\/strong>, el Ministro Consejero de la <strong>Embajada de Espa\u00f1a,<\/strong> Se\u00f1or <strong>Antonio Fern\u00e1ndez de Mazarambroz<\/strong>; y el <strong>Presidente de la Federaci\u00f3n Dominicana de Vela, Jes\u00fas Feris,<\/strong> encabezaron la mesa de honor que ofreci\u00f3 los detalles de las actividades de la Regata de la Hispanidad 2008. <\/p>\n<p>&#13;<\/p>\n<p align=\"justify\" class=\"text1noticias\"><strong>La regata con vela crucero<\/strong> se desarrollar\u00e1n los d\u00edas <strong>11 y 12 de octubre<\/strong>, con la  participaci\u00f3n de unos <strong>20 barcos y 100  tripulantes,<\/strong> mientras que la celebraci\u00f3n de la <strong>regata con Vela Ligera<\/strong> ser\u00e1 el <strong>18  y 19 de octubre, <\/strong>en la que competir\u00e1n unos <strong>45 <\/strong>veleros y tripulantes, de Optimist, Sunfish y Laser. <\/p>\n<p>&#13;<\/p>\n<p align=\"justify\" class=\"text1noticias\">El <strong>s\u00e1bado 11 de octubre<\/strong> la regata inicia desde <strong>Boca Chica<\/strong> hasta llegar a <strong>Casa  de Espa\u00f1a,<\/strong> donde el <strong>Embajador de  Espa\u00f1a<\/strong> en Rep\u00fablica Dominicana, <strong>Se\u00f1or  Diego Bermejo<\/strong>, recibir\u00e1 a los barcos al final de la regata, a partir de las <strong>4:00 de la tarde. <\/strong>La Federaci\u00f3n  Dominicana de Vela (FDV) har\u00e1 disparos de salvas para anunciar la salida y la  llegada de las embarcaciones. El <strong>12 de  octubre<\/strong> el proceso ser\u00e1 inverso: se partir\u00e1 desde el Malec\u00f3n capitalino  frente a Casa de Espa\u00f1a aproximadamente a las <strong>10.00 a.m.<\/strong> con llegada prevista a Boca Chica a  las <strong>5:00 p.m<\/strong>. <\/p>\n<p>&#13;<\/p>\n<p align=\"justify\" class=\"text1noticias\">De esta manera se rescata una  prueba deportiva cl\u00e1sica en el calendario de vela en Rep\u00fablica Dominicana. La  \u00faltima celebraci\u00f3n de este evento fue en 1992, luego de once ediciones  realizadas.<\/p>\n<p>&#13;<\/p>\n<p align=\"justify\" class=\"text1noticias\">Los aficionados a los deportes de  vela pueden ver el espect\u00e1culo deportivo desde el Malec\u00f3n de Santo Domingo o  desde la Bah\u00eda de Boca Chica. <\/p>\n<p>&#13;<\/p>\n<p align=\"justify\" class=\"text1noticias\">Organizadores, patrocinadores y  capitanes de la Regata compartir\u00e1n el 15 de octubre a partir de las 12:00 del  medio d\u00eda en la Residencia de la Embajada de Espa\u00f1a en una Reuni\u00f3n de  Capitanes, donde compartir\u00e1n impresiones acompa\u00f1ados de una copa de vino  espa\u00f1ol para la ocasi\u00f3n. <\/p>\n<p>&#13;<\/p>\n<p align=\"justify\" class=\"text1noticias\">Los d\u00edas 18 y 19 de octubre se  realizar\u00e1 la Regata  de Vela Ligera, con la presencia de las asociaciones de vela en Rep\u00fablica  Dominicana. La regata para vela Optimist ser\u00e1 parte del Campeonato Dominicano  2008. Las competencias se efectuar\u00e1n en la Bah\u00eda de Boca Chica. <\/p>\n<p>&#13;<\/p>\n<p align=\"justify\" class=\"text1noticias\">El Presidente de la Casa de  Espa\u00f1a estar\u00e1 presente en la salida de la Regata el <strong>d\u00eda 18,<\/strong> mientras que el <strong>19  de octubre<\/strong> la salida estar\u00e1 presidida por el Embajador de Espa\u00f1a. <\/p>\n<p>&#13;<\/p>\n<p align=\"justify\" class=\"text1noticias\"> La Regata de la Hispanidad 2008  cuenta con diversos patrocinadores, entre los que se encuentra la Cervecer\u00eda  Nacional Dominicana, Mercasid, Iberia, Air Europa, La Cadena, Mercalia-Sonelec  S.A. Agrifeed, Absulute Gest, Banesto, Hunter, Textil Astur \u201cVelero\u201d Grupo Sans  Souc\u00ed, Bacardi Dominicana, \u00c1lvarez &amp; S\u00e1nchez y Coca Cola. <\/p>\n<p>&#13;<\/p>\n<p align=\"justify\" class=\"text1noticias\"><strong>Rep\u00fablica Dominicana obtiene la sede de campeonato internacional de  vela<\/strong><\/p>\n<p>&#13;<\/p>\n<p align=\"justify\" class=\"text1noticias\">En la rueda de prensa donde se  ofrecieron los detalles de la Regata de la Hispanidad 2008 se ofreci\u00f3 una  interesante primicia para los amantes de la vela: la obtenci\u00f3n del Campeonato  Norteamericano de Vela Optimist (IODA North American Championship 2009), el  evento m\u00e1s importante de esta clase que se celebra cada a\u00f1o en la regi\u00f3n de  Norteam\u00e9rica, a la que pertenece Rep\u00fablica Dominicana. <\/p>\n<p>&#13;<\/p>\n<p align=\"justify\" class=\"text1noticias\">Este campeonato se celebrar\u00e1 en  la bah\u00eda de Boca Chica en el mes de julio del pr\u00f3ximo a\u00f1o. <\/p>\n<p>&#13;<\/p>\n<p align=\"justify\" class=\"text1noticias\">Para el evento deportivo se  espera la participaci\u00f3n de 200 competidores de unos 25 pa\u00edses, incluyendo los  cinco mejores navegantes de cada continente, de acuerdo a los resultados  obtenidos en el Campeonato Mundial del 2008. <\/p>\n<p>&#13;<\/p>\n<p align=\"justify\" class=\"text1noticias\"> El Optimist es el barco por  excelencia para iniciar a la vela deportiva, siendo la \u00fanica clase oficial  aprobada por la Federaci\u00f3n Internacional de Vela (ISAF) para j\u00f3venes menores de  16 a\u00f1os. <\/p>\n<p>&#13;<\/p>\n<p align=\"justify\" class=\"text1noticias\">Los deportistas dominicanos han  participado en a\u00f1os anteriores en esta justa y en campeonatos mundiales en  Italia, Suiza, Uruguay, Ecuador, Curazao y Puerto Rico, entre otros pa\u00edses. <\/p>\n<p>&#13;<\/p>\n<h6> 2008-10-07 19:43:49 <\/h6>\n<p><!--\n<link rel=\"stylesheet\" href=\"css\/bootstrap.min.css\">\n\n\n<ul class=\"pagination\">\n\t    \n\t\n\n<li >\n\t<a href='?page_no=20946'>Previous<\/a>\n\t<\/li>\n\n\n       \n    \n\n<li><a href='?page_no=1'>1<\/a><\/li>\n\n\n\n<li><a href='?page_no=2'>2<\/a><\/li>\n\n\n\n<li><a>...<\/a><\/li>\n\n\n\n<li><a href='?page_no=20945'>20945<\/a><\/li>\n\n\n\n<li><a href='?page_no=20946'>20946<\/a><\/li>\n\n\n\n<li class='active'><a>20947<\/a><\/li>\n\n\n\n<li><a href='?page_no=20948'>20948<\/a><\/li>\n\n\n\n<li><a href='?page_no=20949'>20949<\/a><\/li>\n\n\n\n<li><a>...<\/a><\/li>\n\n\n\n<li><a href='?page_no=22522'>22522<\/a><\/li>\n\n\n\n<li><a href='?page_no=22523'>22523<\/a><\/li>\n\n    \n\t\n\n<li >\n\t<a href='?page_no=20948'>Next<\/a>\n\t<\/li>\n\n\n    \n\n<li><a href='?page_no=22523'>Last &rsaquo;&rsaquo;<\/a><\/li>\n\n<\/ul>\n\n\n--><br \/>\n<\/body><\/p>\n","protected":false},"excerpt":{"rendered":"<p>A alta mar por la Hispanidad &#13; La Embajada de Espa\u00f1a, la Casa de Espa\u00f1a y la Federaci\u00f3n Dominicana de Vela organizan la Regata de la Hispanidad 2008, que tendr\u00e1 lugar los d\u00edas 11 y 12 de octubre para velas crucero, y el 18 y 19 de octubre para velas ligeras. &#13; La convocatoria para [&hellip;]<\/p>\n","protected":false},"author":3,"featured_media":0,"comment_status":"open","ping_status":"open","sticky":false,"template":"","format":"standard","meta":{"footnotes":""},"categories":[25],"tags":[],"class_list":["post-92325","post","type-post","status-publish","format-standard","hentry","category-gente"],"_links":{"self":[{"href":"https:\/\/diariodominicano.com\/index.php?rest_route=\/wp\/v2\/posts\/92325","targetHints":{"allow":["GET"]}}],"collection":[{"href":"https:\/\/diariodominicano.com\/index.php?rest_route=\/wp\/v2\/posts"}],"about":[{"href":"https:\/\/diariodominicano.com\/index.php?rest_route=\/wp\/v2\/types\/post"}],"author":[{"embeddable":true,"href":"https:\/\/diariodominicano.com\/index.php?rest_route=\/wp\/v2\/users\/3"}],"replies":[{"embeddable":true,"href":"https:\/\/diariodominicano.com\/index.php?rest_route=%2Fwp%2Fv2%2Fcomments&post=92325"}],"version-history":[{"count":0,"href":"https:\/\/diariodominicano.com\/index.php?rest_route=\/wp\/v2\/posts\/92325\/revisions"}],"wp:attachment":[{"href":"https:\/\/diariodominicano.com\/index.php?rest_route=%2Fwp%2Fv2%2Fmedia&parent=92325"}],"wp:term":[{"taxonomy":"category","embeddable":true,"href":"https:\/\/diariodominicano.com\/index.php?rest_route=%2Fwp%2Fv2%2Fcategories&post=92325"},{"taxonomy":"post_tag","embeddable":true,"href":"https:\/\/diariodominicano.com\/index.php?rest_route=%2Fwp%2Fv2%2Ftags&post=92325"}],"curies":[{"name":"wp","href":"https:\/\/api.w.org\/{rel}","templated":true}]}}