{"id":92324,"date":"2008-10-07T20:11:05","date_gmt":"2008-10-07T20:11:05","guid":{"rendered":"http:\/\/diariodominicano.ddns.net\/?p=92324"},"modified":"2008-10-07T20:11:05","modified_gmt":"2008-10-07T20:11:05","slug":"casa-cuesta-inicia-temporada-navidena","status":"publish","type":"post","link":"https:\/\/diariodominicano.com\/?p=92324","title":{"rendered":"Casa Cuesta inicia temporada navide\u00f1a"},"content":{"rendered":"<p><body><\/p>\n<p class=\"titulogrande1\"><strong>Casa Cuesta inicia temporada navide\u00f1a<\/strong><\/p>\n<p>&#13;<\/p>\n<p align=\"justify\"><span class=\"text1noticias\"><img loading=\"lazy\" decoding=\"async\" src=\"http:\/\/localhost:8080\/gente\/img\/navida rd.jpg\" width=\"375\" height=\"2067\" hspace=\"4\" align=\"left\" \/>Casa Cuesta inaugur\u00f3 la temporada navide\u00f1a, poniendo a disposici\u00f3n de los  clientes los m\u00e1s variados y exclusivos adornos, combinados con cojines,  manteles, vajillas y cristaler\u00eda que lograr\u00e1n el verdadero esplendor de los  hogares dominicanos.<\/span><\/p>\n<p>&#13;<\/p>\n<p align=\"justify\" class=\"text1noticias\">El acto de apertura tuvo efecto en Casa Cuesta de la avenida Abraham Lincoln  esquina 27 de Febrero y en\u00a0 Bella Vista Mall simult\u00e1neamente.<\/p>\n<p>&#13;<\/p>\n<p align=\"justify\" class=\"text1noticias\">La se\u00f1ora Puello, Vicepresidente de Casa Cuesta,\u00a0 indic\u00f3 que esta Navidad  est\u00e1 inspirada en las tendencias internacionales de la moda, que est\u00e1 llena de  poes\u00eda y surrealismo que hace so\u00f1ar con fantas\u00edas sorprendentemente coloridas,  y anhelando un futuro m\u00e1s claro.<\/p>\n<p>&#13;<\/p>\n<p align=\"justify\" class=\"text1noticias\">Manifest\u00f3 que los clientes de Casa Cuesta podr\u00e1n disfrutar de los m\u00e1s variados  matices dorados y piezas caladas, que parecen encajes llevados a las mesas.<\/p>\n<p>&#13;<\/p>\n<p align=\"justify\" class=\"text1noticias\">Explic\u00f3 que en esta ocasi\u00f3n se innovar\u00e1 con el color negro, utilizando desde  arbolitos hasta las m\u00e1s innovadoras piezas craqueladas, las cuales ser\u00e1n  combinadas con el gr\u00e1fico.<\/p>\n<p>&#13;<\/p>\n<p align=\"justify\" class=\"text1noticias\">\u201cPresentamos una Navidad para todos: ni\u00f1os, grandes, peque\u00f1os, cl\u00e1sicos,  aventureros, tradicionales, modernos y vanguardistas\u201d, expuso la se\u00f1ora Puello.<\/p>\n<p>&#13;<\/p>\n<p align=\"justify\" class=\"text1noticias\">Inform\u00f3 que Casa Cuesta ha inspirado la Navidad en ocho grandes tendencias:  Camelot, Fantas\u00eda Marina, Lujo en Blanco, Chef Santa, Fiesta en el Zoo,  Cascanueces, El Bosque Encantado y Esplendor Dorado.<\/p>\n<p>&#13;<\/p>\n<p align=\"justify\" class=\"text1noticias\">Expres\u00f3 que Camelot hace vivir la Edad Media, donde sobresalen el lujo, el  dorado, las coronas y los reyes.<\/p>\n<p>&#13;<\/p>\n<p align=\"justify\" class=\"text1noticias\">La Fantas\u00eda Marina es creada por primera vez en Casa Cuesta y est\u00e1 inspirada en  el mar, con lentejuelas, escarchas, brillos y colores blancos, azul y rojo.<\/p>\n<p>&#13;<\/p>\n<p align=\"justify\" class=\"text1noticias\"> El Lujo en Blanco est\u00e1 inspirado en la elegancia y la naturalidad, y hace honor  a una Blanca Navidad.<\/p>\n<p>&#13;<\/p>\n<p align=\"justify\" class=\"text1noticias\">Chef Santa experimenta este personaje en las cocinas, con los colores m\u00e1s  tradicionales de la Navidad, el blanco y el rojo.<\/p>\n<p>&#13;<\/p>\n<p align=\"justify\" class=\"text1noticias\">Fiesta en el Zoo expresa como el mundo animal disfruta la Navidad y con el  colorido caracter\u00edstico de los animales se recrea una Navidad diferente, alegre  y colorida.<\/p>\n<p>&#13;<\/p>\n<p align=\"justify\" class=\"text1noticias\">Cascanueces invita a las personas a que vivan y disfruten de los colores rojos,  verdes y blancos.<\/p>\n<p>&#13;<\/p>\n<p align=\"justify\" class=\"text1noticias\">El Bosque Encantado hace un llamado a que el mundo se deje encantar y\u00a0  hechizar de las hadas, duendes y enanitos del bosque, en un ambiente  inesperado.<\/p>\n<p>&#13;<\/p>\n<p align=\"justify\" class=\"text1noticias\">El Esplendor Dorado se manifiesta en brillo, dorado, cobre y llama a deslumbrar  todos los sentidos.<\/p>\n<p>&#13;<\/p>\n<h6> 2008-10-07 20:11:05 <\/h6>\n<p><!--\n<link rel=\"stylesheet\" href=\"css\/bootstrap.min.css\">\n\n\n<ul class=\"pagination\">\n\t    \n\t\n\n<li >\n\t<a href='?page_no=20945'>Previous<\/a>\n\t<\/li>\n\n\n       \n    \n\n<li><a href='?page_no=1'>1<\/a><\/li>\n\n\n\n<li><a href='?page_no=2'>2<\/a><\/li>\n\n\n\n<li><a>...<\/a><\/li>\n\n\n\n<li><a href='?page_no=20944'>20944<\/a><\/li>\n\n\n\n<li><a href='?page_no=20945'>20945<\/a><\/li>\n\n\n\n<li class='active'><a>20946<\/a><\/li>\n\n\n\n<li><a href='?page_no=20947'>20947<\/a><\/li>\n\n\n\n<li><a href='?page_no=20948'>20948<\/a><\/li>\n\n\n\n<li><a>...<\/a><\/li>\n\n\n\n<li><a href='?page_no=22522'>22522<\/a><\/li>\n\n\n\n<li><a href='?page_no=22523'>22523<\/a><\/li>\n\n    \n\t\n\n<li >\n\t<a href='?page_no=20947'>Next<\/a>\n\t<\/li>\n\n\n    \n\n<li><a href='?page_no=22523'>Last &rsaquo;&rsaquo;<\/a><\/li>\n\n<\/ul>\n\n\n--><br \/>\n<\/body><\/p>\n","protected":false},"excerpt":{"rendered":"<p>Casa Cuesta inicia temporada navide\u00f1a &#13; Casa Cuesta inaugur\u00f3 la temporada navide\u00f1a, poniendo a disposici\u00f3n de los clientes los m\u00e1s variados y exclusivos adornos, combinados con cojines, manteles, vajillas y cristaler\u00eda que lograr\u00e1n el verdadero esplendor de los hogares dominicanos. &#13; El acto de apertura tuvo efecto en Casa Cuesta de la avenida Abraham Lincoln [&hellip;]<\/p>\n","protected":false},"author":3,"featured_media":0,"comment_status":"open","ping_status":"open","sticky":false,"template":"","format":"standard","meta":{"footnotes":""},"categories":[25],"tags":[],"class_list":["post-92324","post","type-post","status-publish","format-standard","hentry","category-gente"],"_links":{"self":[{"href":"https:\/\/diariodominicano.com\/index.php?rest_route=\/wp\/v2\/posts\/92324","targetHints":{"allow":["GET"]}}],"collection":[{"href":"https:\/\/diariodominicano.com\/index.php?rest_route=\/wp\/v2\/posts"}],"about":[{"href":"https:\/\/diariodominicano.com\/index.php?rest_route=\/wp\/v2\/types\/post"}],"author":[{"embeddable":true,"href":"https:\/\/diariodominicano.com\/index.php?rest_route=\/wp\/v2\/users\/3"}],"replies":[{"embeddable":true,"href":"https:\/\/diariodominicano.com\/index.php?rest_route=%2Fwp%2Fv2%2Fcomments&post=92324"}],"version-history":[{"count":0,"href":"https:\/\/diariodominicano.com\/index.php?rest_route=\/wp\/v2\/posts\/92324\/revisions"}],"wp:attachment":[{"href":"https:\/\/diariodominicano.com\/index.php?rest_route=%2Fwp%2Fv2%2Fmedia&parent=92324"}],"wp:term":[{"taxonomy":"category","embeddable":true,"href":"https:\/\/diariodominicano.com\/index.php?rest_route=%2Fwp%2Fv2%2Fcategories&post=92324"},{"taxonomy":"post_tag","embeddable":true,"href":"https:\/\/diariodominicano.com\/index.php?rest_route=%2Fwp%2Fv2%2Ftags&post=92324"}],"curies":[{"name":"wp","href":"https:\/\/api.w.org\/{rel}","templated":true}]}}