{"id":92322,"date":"2008-10-08T13:53:24","date_gmt":"2008-10-08T13:53:24","guid":{"rendered":"http:\/\/diariodominicano.ddns.net\/?p=92322"},"modified":"2008-10-08T13:53:24","modified_gmt":"2008-10-08T13:53:24","slug":"gran-espectaculo-en-anfiteatro-bellas-artes-abrira-inauguracion","status":"publish","type":"post","link":"https:\/\/diariodominicano.com\/?p=92322","title":{"rendered":"Gran espect\u00e1culo en Anfiteatro Bellas Artes abrir\u00e1 inauguraci\u00f3n"},"content":{"rendered":"<p><body><\/p>\n<p class=\"titulogrande1\"><strong>Gran  espect\u00e1culo en Anfiteatro<\/strong> <strong>Bellas Artes abrir\u00e1 inauguraci\u00f3n<\/strong><\/p>\n<p>&#13;<\/p>\n<p align=\"justify\" class=\"text1noticias\"><strong><em>El Presidente Leonel Fern\u00e1ndez  estar\u00e1 presente en Gala Art\u00edstica en escenario abierto del nuevo Palacio de  Bellas Artes<\/em><\/strong><\/p>\n<p>&#13;<\/p>\n<p align=\"justify\" class=\"text1noticias\">Una gran Gala Art\u00edstica abrir\u00e1 formalmente el  programa inaugural del nuevo Palacio de Bellas Artes, este jueves 9 de octubre.<\/p>\n<p>&#13;<\/p>\n<p align=\"justify\" class=\"text1noticias\">El espect\u00e1culo, que se realizar\u00e1 en el  Anfiteatro ubicado en el ala sur de la remodelada edificaci\u00f3n, contar\u00e1 con la  presencia del Presidente Leonel Fern\u00e1ndez y se iniciar\u00e1 una vez concluya el  acto formal de inauguraci\u00f3n en la Sala M\u00e1ximo Avil\u00e9s Blonda.<\/p>\n<p>&#13;<\/p>\n<p align=\"justify\" class=\"text1noticias\">La gala abrir\u00e1 con la actuaci\u00f3n de la Compa\u00f1\u00eda  Nacional de Teatro, dirigida por la actriz Elvira Taveras, quien presentar\u00e1  \u00abCuentos de paso hondo\u00bb basado en obras de Juan Bosch.<\/p>\n<p>&#13;<\/p>\n<p align=\"justify\" class=\"text1noticias\">Inmediatamente despu\u00e9s, entrar\u00e1 el Ballet  Cl\u00e1sico Nacional, dirigido por Marinella Sallent, con coreograf\u00eda de Armando  Gonz\u00e1lez y m\u00fasica de Juan Sebasti\u00e1n Bach, para el segmento danzario  \u00abEntrelazados\u00bb. <\/p>\n<p>&#13;<\/p>\n<p align=\"justify\" class=\"text1noticias\">Finalmente, el Ballet Folkl\u00f3rico Nacional, bajo  la direcci\u00f3n de la profesora Josefina Mini\u00f1o, ofrecer\u00e1 el espect\u00e1culo  \u00abEstampas de mi tierra\u00bb.<\/p>\n<p>&#13;<\/p>\n<p align=\"justify\" class=\"text1noticias\">Previamente a la gala, la orquesta Sistema  Temperado, del santiaguero Rafaelito Mirabal,\u00a0  presentar\u00e1 el montaje musical intitulado \u00abSabor dominicano de ayer  y de hoy\u00bb. <\/p>\n<p>&#13;<\/p>\n<p align=\"justify\" class=\"text1noticias\">Al final, se ofrecer\u00e1 un espect\u00e1culo de fuegos  artificiales, nunca antes visto en el pa\u00eds.<\/p>\n<p>&#13;<\/p>\n<p align=\"justify\" class=\"text1noticias\">En toda el \u00e1rea exterior, al momento inaugural,  se encender\u00e1n las fuentes de agua, luz y sonido, que bordean la remodelada  edificaci\u00f3n, por lo que se ha previsto que la parte m\u00e1s grandiosa del acto  inaugural sea la que tendr\u00e1 lugar en el espacio abierto de la misma, seg\u00fan  inform\u00f3 la Secretar\u00eda de Estado de Cultura, organizadora de la actividad.<\/p>\n<p>&#13;<\/p>\n<p align=\"justify\" class=\"text1noticias\">El acto inaugural, de corta duraci\u00f3n, en la  Sala M\u00e1ximo Avil\u00e9s Blonda, incluir\u00e1, aparte de los discursos de rigor, el  develizamiento de la tarja conmemorativa del evento, y el concierto de m\u00fasica  dominicana de la Orquesta Sinf\u00f3nica Nacional, bajo la direcci\u00f3n del maestro  Jos\u00e9 Antonio Molina. La selecci\u00f3n musical comprender\u00e1 la obertura  \u00abYaya\u00bb, del propio Molina; \u00abA la ca\u00edda de la tarde\u00bb de Jos\u00e9  Dolores Cer\u00f3n; y, \u00abTres im\u00e1genes folkl\u00f3ricas\u00bb de Papa Molina.<\/p>\n<p>&#13;<\/p>\n<p align=\"justify\" class=\"text1noticias\">La Secretar\u00eda de Estado de Cultura inform\u00f3 que  ha previsto todos los detalles del magno evento, incluyendo la disposici\u00f3n de  todos los invitados en \u00e1reas previamente se\u00f1aladas, la duraci\u00f3n de los  espect\u00e1culos inaugurales y el parqueo. Para esto \u00faltimo, se utilizar\u00e1n los  nuevos parqueos subterr\u00e1neos de la moderna edificaci\u00f3n y, adicionalmente, en  una gran \u00e1rea verde ubicada en la avenida Independencia, frente a Bellas Artes.<\/p>\n<p>&#13;<\/p>\n<p align=\"justify\" class=\"text1noticias\">\u00a8Debido a que la capacidad de la sala es de  s\u00f3lo 600 personas, la gran Gala Art\u00edstica tendr\u00e1 lugar en el anfiteatro,  ubicado en el \u00e1rea exterior, al sur de la edificaci\u00f3n, el cual tambi\u00e9n estar\u00e1 presidido  por el Presidente Leonel Fern\u00e1ndez\u00a8, se\u00f1al\u00f3 la Secretar\u00eda de Estado de Cultura.<\/p>\n<p>&#13;<\/p>\n<p align=\"justify\" class=\"text1noticias\">Se a\u00f1adi\u00f3 que \u00a8la necesaria ubicaci\u00f3n de las  personalidades invitadas en el auditorio y en el anfiteatro, se ha hecho de  forma muy organizada, pues una vez concluya el acto formal de inauguraci\u00f3n  todos los invitados se congregar\u00e1n en el anfiteatro para disfrutar de la gala  art\u00edstica\u00bb.<\/p>\n<p>&#13;<\/p>\n<p align=\"justify\" class=\"text1noticias\">La Secretar\u00eda de Estado de Cultura anticip\u00f3 que  el acto inaugural del nuevo Palacio de Bellas Artes \u00a8ser\u00e1 un suceso sin  precedentes, y que la Gala Art\u00edstica en el anfiteatro del ala sur del edificio  inicia la gran programaci\u00f3n que se desarrollar\u00e1 all\u00ed durante los meses  siguientes\u00a8. <\/p>\n<p>&#13;<\/p>\n<p align=\"justify\" class=\"text1noticias\">El evento inaugural ser\u00e1 transmitido en vivo  por una cadena compuesta por CERT-TV, Telemicro, Telecentro, Digital 15,  Telefuturo-canal 23, RNN, Tele Universo, Super Canal y CDN. Adem\u00e1s, se  retransmitir\u00e1 por las unidades de Telecable de varias provincias y v\u00eda sat\u00e9lite  para todo el mundo.<\/p>\n<p>&#13;<\/p>\n<h6> 2008-10-08 13:53:24 <\/h6>\n<p><!--\n<link rel=\"stylesheet\" href=\"css\/bootstrap.min.css\">\n\n\n<ul class=\"pagination\">\n\t    \n\t\n\n<li >\n\t<a href='?page_no=20943'>Previous<\/a>\n\t<\/li>\n\n\n       \n    \n\n<li><a href='?page_no=1'>1<\/a><\/li>\n\n\n\n<li><a href='?page_no=2'>2<\/a><\/li>\n\n\n\n<li><a>...<\/a><\/li>\n\n\n\n<li><a href='?page_no=20942'>20942<\/a><\/li>\n\n\n\n<li><a href='?page_no=20943'>20943<\/a><\/li>\n\n\n\n<li class='active'><a>20944<\/a><\/li>\n\n\n\n<li><a href='?page_no=20945'>20945<\/a><\/li>\n\n\n\n<li><a href='?page_no=20946'>20946<\/a><\/li>\n\n\n\n<li><a>...<\/a><\/li>\n\n\n\n<li><a href='?page_no=22522'>22522<\/a><\/li>\n\n\n\n<li><a href='?page_no=22523'>22523<\/a><\/li>\n\n    \n\t\n\n<li >\n\t<a href='?page_no=20945'>Next<\/a>\n\t<\/li>\n\n\n    \n\n<li><a href='?page_no=22523'>Last &rsaquo;&rsaquo;<\/a><\/li>\n\n<\/ul>\n\n\n--><br \/>\n<\/body><\/p>\n","protected":false},"excerpt":{"rendered":"<p>Gran espect\u00e1culo en Anfiteatro Bellas Artes abrir\u00e1 inauguraci\u00f3n &#13; El Presidente Leonel Fern\u00e1ndez estar\u00e1 presente en Gala Art\u00edstica en escenario abierto del nuevo Palacio de Bellas Artes &#13; Una gran Gala Art\u00edstica abrir\u00e1 formalmente el programa inaugural del nuevo Palacio de Bellas Artes, este jueves 9 de octubre. &#13; El espect\u00e1culo, que se realizar\u00e1 en [&hellip;]<\/p>\n","protected":false},"author":3,"featured_media":0,"comment_status":"open","ping_status":"open","sticky":false,"template":"","format":"standard","meta":{"footnotes":""},"categories":[25],"tags":[],"class_list":["post-92322","post","type-post","status-publish","format-standard","hentry","category-gente"],"_links":{"self":[{"href":"https:\/\/diariodominicano.com\/index.php?rest_route=\/wp\/v2\/posts\/92322","targetHints":{"allow":["GET"]}}],"collection":[{"href":"https:\/\/diariodominicano.com\/index.php?rest_route=\/wp\/v2\/posts"}],"about":[{"href":"https:\/\/diariodominicano.com\/index.php?rest_route=\/wp\/v2\/types\/post"}],"author":[{"embeddable":true,"href":"https:\/\/diariodominicano.com\/index.php?rest_route=\/wp\/v2\/users\/3"}],"replies":[{"embeddable":true,"href":"https:\/\/diariodominicano.com\/index.php?rest_route=%2Fwp%2Fv2%2Fcomments&post=92322"}],"version-history":[{"count":0,"href":"https:\/\/diariodominicano.com\/index.php?rest_route=\/wp\/v2\/posts\/92322\/revisions"}],"wp:attachment":[{"href":"https:\/\/diariodominicano.com\/index.php?rest_route=%2Fwp%2Fv2%2Fmedia&parent=92322"}],"wp:term":[{"taxonomy":"category","embeddable":true,"href":"https:\/\/diariodominicano.com\/index.php?rest_route=%2Fwp%2Fv2%2Fcategories&post=92322"},{"taxonomy":"post_tag","embeddable":true,"href":"https:\/\/diariodominicano.com\/index.php?rest_route=%2Fwp%2Fv2%2Ftags&post=92322"}],"curies":[{"name":"wp","href":"https:\/\/api.w.org\/{rel}","templated":true}]}}