{"id":92321,"date":"2008-10-08T15:50:21","date_gmt":"2008-10-08T15:50:21","guid":{"rendered":"http:\/\/diariodominicano.ddns.net\/?p=92321"},"modified":"2008-10-08T15:50:21","modified_gmt":"2008-10-08T15:50:21","slug":"novela-y-mas-ya-tiene-nuevo-rostro","status":"publish","type":"post","link":"https:\/\/diariodominicano.com\/?p=92321","title":{"rendered":"Novela y m\u00e1s ya tiene nuevo rostro"},"content":{"rendered":"<p><body><\/p>\n<p align=\"justify\"><span class=\"titulogrande1\"><strong>Novela  y m\u00e1s ya tiene nuevo rostro<\/strong>\u00a0<\/span><br \/>&#13;<br \/>\n  \u00a0<br \/>&#13;<br \/>\n  <span class=\"text1noticias\"><img loading=\"lazy\" decoding=\"async\" src=\"http:\/\/localhost:8080\/gente\/img\/novela mas.jpg\" width=\"375\" height=\"566\" hspace=\"4\" align=\"left\" \/>Santo Domingo, 08 de octubre de 2008.-\u00a0  El \u201cCASTING ROSTRO DE NOVELA Y MAS\u201d, realiz\u00f3 su gran prueba final de talento  en\u00a0 septiembre. La prueba final consisti\u00f3 en la realizaci\u00f3n de  entrevistas, por parte de las seis finalistas a personalidades del arte y  espect\u00e1culo, como Miralba Ruiz, Cristal Marie, Juan Pablo Fern\u00e1ndez, Eilen  Moreno, Juan Eduardo D\u00edaz, Sdenka Kalina y Marcel.\u00a0<br \/>&#13;<br \/>\n  <br \/>&#13;<br \/>\nEl jurado estuvo conformado por Aime Melo  (Que Onda Noche); Yadhira Pimentel\u00a0 (Cadena de Noticias); Raymond Moreta  (Iamdra Full); Alex Simmons (profesor de la Universidad Cat\u00f3lica  de Santo Domingo) y Sergio Beras (gerente de Producci\u00f3n de Tele  Antillas).\u00a0\u00a0 <\/span><\/p>\n<p>&#13;<\/p>\n<p align=\"justify\" class=\"text1noticias\"> El nuevo Rostro de \u201cNOVELA Y M\u00c1S\u201d ser\u00e1 dado a  conocer en la actividad de relanzamiento del programa, el pr\u00f3ximo mi\u00e9rcoles 15  de octubre, donde se presentar\u00e1 la nueva l\u00ednea gr\u00e1fica, nueva escenograf\u00eda y  los conceptos de producci\u00f3n de este programa, en el marco de la presentaci\u00f3n de  Jey Nelsopocket\u00a0en Hard Rock Caf\u00e9. <\/p>\n<p>&#13;<\/p>\n<p align=\"justify\" class=\"text1noticias\">Espere todos estos cambios y el rostro que  acompa\u00f1ara a Zeny Leyva en la primera transmisi\u00f3n de relanzamiento, el s\u00e1bado  18 de octubre a las 3 pm por Tele Antillas \u00a1TV como eres t\u00fa! <\/p>\n<p>&#13;<\/p>\n<h6> 2008-10-08 15:50:21 <\/h6>\n<p><!--\n<link rel=\"stylesheet\" href=\"css\/bootstrap.min.css\">\n\n\n<ul class=\"pagination\">\n\t    \n\t\n\n<li >\n\t<a href='?page_no=20942'>Previous<\/a>\n\t<\/li>\n\n\n       \n    \n\n<li><a href='?page_no=1'>1<\/a><\/li>\n\n\n\n<li><a href='?page_no=2'>2<\/a><\/li>\n\n\n\n<li><a>...<\/a><\/li>\n\n\n\n<li><a href='?page_no=20941'>20941<\/a><\/li>\n\n\n\n<li><a href='?page_no=20942'>20942<\/a><\/li>\n\n\n\n<li class='active'><a>20943<\/a><\/li>\n\n\n\n<li><a href='?page_no=20944'>20944<\/a><\/li>\n\n\n\n<li><a href='?page_no=20945'>20945<\/a><\/li>\n\n\n\n<li><a>...<\/a><\/li>\n\n\n\n<li><a href='?page_no=22522'>22522<\/a><\/li>\n\n\n\n<li><a href='?page_no=22523'>22523<\/a><\/li>\n\n    \n\t\n\n<li >\n\t<a href='?page_no=20944'>Next<\/a>\n\t<\/li>\n\n\n    \n\n<li><a href='?page_no=22523'>Last &rsaquo;&rsaquo;<\/a><\/li>\n\n<\/ul>\n\n\n--><br \/>\n<\/body><\/p>\n","protected":false},"excerpt":{"rendered":"<p>Novela y m\u00e1s ya tiene nuevo rostro\u00a0&#13; \u00a0&#13; Santo Domingo, 08 de octubre de 2008.-\u00a0 El \u201cCASTING ROSTRO DE NOVELA Y MAS\u201d, realiz\u00f3 su gran prueba final de talento en\u00a0 septiembre. La prueba final consisti\u00f3 en la realizaci\u00f3n de entrevistas, por parte de las seis finalistas a personalidades del arte y espect\u00e1culo, como Miralba Ruiz, [&hellip;]<\/p>\n","protected":false},"author":3,"featured_media":0,"comment_status":"open","ping_status":"open","sticky":false,"template":"","format":"standard","meta":{"footnotes":""},"categories":[25],"tags":[],"class_list":["post-92321","post","type-post","status-publish","format-standard","hentry","category-gente"],"_links":{"self":[{"href":"https:\/\/diariodominicano.com\/index.php?rest_route=\/wp\/v2\/posts\/92321","targetHints":{"allow":["GET"]}}],"collection":[{"href":"https:\/\/diariodominicano.com\/index.php?rest_route=\/wp\/v2\/posts"}],"about":[{"href":"https:\/\/diariodominicano.com\/index.php?rest_route=\/wp\/v2\/types\/post"}],"author":[{"embeddable":true,"href":"https:\/\/diariodominicano.com\/index.php?rest_route=\/wp\/v2\/users\/3"}],"replies":[{"embeddable":true,"href":"https:\/\/diariodominicano.com\/index.php?rest_route=%2Fwp%2Fv2%2Fcomments&post=92321"}],"version-history":[{"count":0,"href":"https:\/\/diariodominicano.com\/index.php?rest_route=\/wp\/v2\/posts\/92321\/revisions"}],"wp:attachment":[{"href":"https:\/\/diariodominicano.com\/index.php?rest_route=%2Fwp%2Fv2%2Fmedia&parent=92321"}],"wp:term":[{"taxonomy":"category","embeddable":true,"href":"https:\/\/diariodominicano.com\/index.php?rest_route=%2Fwp%2Fv2%2Fcategories&post=92321"},{"taxonomy":"post_tag","embeddable":true,"href":"https:\/\/diariodominicano.com\/index.php?rest_route=%2Fwp%2Fv2%2Ftags&post=92321"}],"curies":[{"name":"wp","href":"https:\/\/api.w.org\/{rel}","templated":true}]}}