{"id":92320,"date":"2008-10-08T16:58:37","date_gmt":"2008-10-08T16:58:37","guid":{"rendered":"http:\/\/diariodominicano.ddns.net\/?p=92320"},"modified":"2008-10-08T16:58:37","modified_gmt":"2008-10-08T16:58:37","slug":"wason-brazoban-encanta-a-puerto-rico","status":"publish","type":"post","link":"https:\/\/diariodominicano.com\/?p=92320","title":{"rendered":"Wason Brazob\u00e1n encanta a Puerto Rico"},"content":{"rendered":"<p><body><\/p>\n<p class=\"titulogrande1\"><strong>Wason Brazob\u00e1n encanta a Puerto Rico<\/strong><\/p>\n<p>&#13;<\/p>\n<p align=\"justify\" class=\"text1noticias\"><img loading=\"lazy\" decoding=\"async\" src=\"http:\/\/localhost:8080\/gente\/img\/wason brasoba.jpg\" width=\"375\" height=\"257\" hspace=\"4\" align=\"left\" \/>Miami, FL, 8 de octubre del 2008.- El nuevo fen\u00f3meno  del pop latinoamericano, el dominicano Wason Brazob\u00e1n, sigue ense\u00f1ando su  enorme talento por el mundo. Esta vez le toc\u00f3 a los puertorrique\u00f1os que la  semana pasada lo escucharon en emisoras de radio, lo vieron cantar en programas  de televisi\u00f3n y leyeron sus an\u00e9cdotas en las m\u00e1s conocidas publicaciones  impresas del pa\u00eds.<br \/>&#13;<br \/>\n  \u00a0<br \/>&#13;<br \/>\nEl autor del popular tema \u201cEn un solo d\u00eda\u201d, parte de  la banda sonora del filme \u201cSanky Panky\u201d, result\u00f3 seleccionado como \u201cEmbajador  de la Juventud\u201d  del pr\u00f3ximo \u201cOctavo Festival Internacional de la Hispanidad y Parada  Dominicana\u201d, a celebrarse el pr\u00f3ximo 12 de octubre en la ciudad de San Juan,  Puerto Rico.<br \/>&#13;<br \/>\n  \u00a0<br \/>&#13;<br \/>\n  \u201cEsperaba con ansias el momento de llegar a ese pa\u00eds  hermano\u201d, dijo hoy el joven cantautor v\u00eda telef\u00f3nica. \u201cY como era de esperar,  me recibieron con los brazos abiertos\u201d, agreg\u00f3.<br \/>&#13;<br \/>\n  \u00a0<br \/>&#13;<br \/>\nTampoco falt\u00f3 el apoyo de la nutrida comunidad  dominicana que reside en la isla y que le sigui\u00f3 los pasos en sus d\u00edas de  trabajo. \u201cAh\u00ed estaban los m\u00edos, mis paisanos, apoy\u00e1ndome mis canciones y  haciendo que sea hagan posible todos mis sue\u00f1os\u201d, se\u00f1al\u00f3 el int\u00e9rprete de \u201cSe  muri\u00f3 de pena\u201d.<br \/>&#13;<br \/>\n  \u00a0<br \/>&#13;<br \/>\nWason particip\u00f3 recientemente en multitudinarios  conciertos, entre ellos la presentaci\u00f3n realizada en el Madison Square Garden  de New York junto a estrellas de la talla del grupo Aventura, Alejandro  Fern\u00e1ndez y Marc Anthony.<br \/>&#13;<br \/>\n  \u00a0<br \/>&#13;<br \/>\nEl \u00e1lbum de Wason Brazob\u00e1n titulado \u201cArmadura de  Rosas\u201d, bajo el sello discogr\u00e1fico Premium Latin Music, contin\u00faa a la venta en  las principales tiendas de m\u00fasica.<\/p>\n<p>&#13;<\/p>\n<h6> 2008-10-08 16:58:37 <\/h6>\n<p><!--\n<link rel=\"stylesheet\" href=\"css\/bootstrap.min.css\">\n\n\n<ul class=\"pagination\">\n\t    \n\t\n\n<li >\n\t<a href='?page_no=20941'>Previous<\/a>\n\t<\/li>\n\n\n       \n    \n\n<li><a href='?page_no=1'>1<\/a><\/li>\n\n\n\n<li><a href='?page_no=2'>2<\/a><\/li>\n\n\n\n<li><a>...<\/a><\/li>\n\n\n\n<li><a href='?page_no=20940'>20940<\/a><\/li>\n\n\n\n<li><a href='?page_no=20941'>20941<\/a><\/li>\n\n\n\n<li class='active'><a>20942<\/a><\/li>\n\n\n\n<li><a href='?page_no=20943'>20943<\/a><\/li>\n\n\n\n<li><a href='?page_no=20944'>20944<\/a><\/li>\n\n\n\n<li><a>...<\/a><\/li>\n\n\n\n<li><a href='?page_no=22522'>22522<\/a><\/li>\n\n\n\n<li><a href='?page_no=22523'>22523<\/a><\/li>\n\n    \n\t\n\n<li >\n\t<a href='?page_no=20943'>Next<\/a>\n\t<\/li>\n\n\n    \n\n<li><a href='?page_no=22523'>Last &rsaquo;&rsaquo;<\/a><\/li>\n\n<\/ul>\n\n\n--><br \/>\n<\/body><\/p>\n","protected":false},"excerpt":{"rendered":"<p>Wason Brazob\u00e1n encanta a Puerto Rico &#13; Miami, FL, 8 de octubre del 2008.- El nuevo fen\u00f3meno del pop latinoamericano, el dominicano Wason Brazob\u00e1n, sigue ense\u00f1ando su enorme talento por el mundo. Esta vez le toc\u00f3 a los puertorrique\u00f1os que la semana pasada lo escucharon en emisoras de radio, lo vieron cantar en programas de [&hellip;]<\/p>\n","protected":false},"author":3,"featured_media":0,"comment_status":"open","ping_status":"open","sticky":false,"template":"","format":"standard","meta":{"footnotes":""},"categories":[25],"tags":[],"class_list":["post-92320","post","type-post","status-publish","format-standard","hentry","category-gente"],"_links":{"self":[{"href":"https:\/\/diariodominicano.com\/index.php?rest_route=\/wp\/v2\/posts\/92320","targetHints":{"allow":["GET"]}}],"collection":[{"href":"https:\/\/diariodominicano.com\/index.php?rest_route=\/wp\/v2\/posts"}],"about":[{"href":"https:\/\/diariodominicano.com\/index.php?rest_route=\/wp\/v2\/types\/post"}],"author":[{"embeddable":true,"href":"https:\/\/diariodominicano.com\/index.php?rest_route=\/wp\/v2\/users\/3"}],"replies":[{"embeddable":true,"href":"https:\/\/diariodominicano.com\/index.php?rest_route=%2Fwp%2Fv2%2Fcomments&post=92320"}],"version-history":[{"count":0,"href":"https:\/\/diariodominicano.com\/index.php?rest_route=\/wp\/v2\/posts\/92320\/revisions"}],"wp:attachment":[{"href":"https:\/\/diariodominicano.com\/index.php?rest_route=%2Fwp%2Fv2%2Fmedia&parent=92320"}],"wp:term":[{"taxonomy":"category","embeddable":true,"href":"https:\/\/diariodominicano.com\/index.php?rest_route=%2Fwp%2Fv2%2Fcategories&post=92320"},{"taxonomy":"post_tag","embeddable":true,"href":"https:\/\/diariodominicano.com\/index.php?rest_route=%2Fwp%2Fv2%2Ftags&post=92320"}],"curies":[{"name":"wp","href":"https:\/\/api.w.org\/{rel}","templated":true}]}}