{"id":92319,"date":"2008-10-08T17:14:49","date_gmt":"2008-10-08T17:14:49","guid":{"rendered":"http:\/\/diariodominicano.ddns.net\/?p=92319"},"modified":"2008-10-08T17:14:49","modified_gmt":"2008-10-08T17:14:49","slug":"yolanda-llega-tal-cual-a-telesistema","status":"publish","type":"post","link":"https:\/\/diariodominicano.com\/?p=92319","title":{"rendered":"Yolanda  llega \u201ctal cual\u201d a Telesistema"},"content":{"rendered":"<p><body><\/p>\n<p align=\"justify\"><span class=\"titulogrande1\"><strong>Yolanda\u00a0  llega \u201ctal cual\u201d a Telesistema<\/strong>\u00a0<\/span><br \/>&#13;<br \/>\n  <br \/>&#13;<br \/>\n    <span class=\"text1noticias\"><img loading=\"lazy\" decoding=\"async\" src=\"http:\/\/localhost:8080\/gente\/img\/telesistema.jpg\" width=\"375\" height=\"151\" hspace=\"4\" align=\"left\" \/>Santo Domingo, 8 de octubre de 2008.-\u00a0  Sin pose, ni estilos y para hacer y expresar las cosas como lo siente, Yolanda  Mart\u00ednez estar\u00e1 conduciendo su nuevo programa <strong><em>Talk Cual<\/em><\/strong>, por  Telesistema este noviembre.\u00a0<br \/>&#13;<br \/>\n    <br \/>&#13;<br \/>\n    <strong><em>Talk Cual<\/em><\/strong> ser\u00e1 conducido por la experimentada comunicadora  Yolanda Mart\u00ednez y ser\u00e1 transmitido por Telesistema, canal 11. Su objetivo es  ofrecer una alternativa, para quienes quieran ver un programa estructurado de  manera distinta a lo que el televidente est\u00e1 acostumbrado a ver.\u00a0<br \/>&#13;<br \/>\n    <br \/>&#13;<br \/>\n\u201cQueremos romper el paradigma de que la  credibilidad es sin\u00f3nimo de estructuras muy formales\u201d, dijo Yolanda, agregando  que \u201cno se trata de hacer variedades, ni noticias, ni entrevistas. Se trata de  hablar \u2018tal cual\u2019\u00a0 como la gente lo hace en las calles, de manera  espont\u00e1nea, llana, jocosa, natural, pero con sentido y fundamento\u201d.\u00a0<\/span><\/p>\n<p>&#13;<\/p>\n<div align=\"justify\"><span class=\"text1noticias\">Con secciones que mantendr\u00e1n atentos a los televidentes cada s\u00e1bado en  la noche, Yolanda Mart\u00ednez demostrar\u00e1 c\u00f3mo se puede hacer un programa donde se  toma en cuenta como habla y piensa el gran p\u00fablico que sigue la televisi\u00f3n  nacional, por Telesistema \u00a1Un Canal de Emociones!\u00a0<\/span><br \/>&#13;\n<\/div>\n<p>&#13;<\/p>\n<h6> 2008-10-08 17:14:49 <\/h6>\n<p><!--\n<link rel=\"stylesheet\" href=\"css\/bootstrap.min.css\">\n\n\n<ul class=\"pagination\">\n\t    \n\t\n\n<li >\n\t<a href='?page_no=20940'>Previous<\/a>\n\t<\/li>\n\n\n       \n    \n\n<li><a href='?page_no=1'>1<\/a><\/li>\n\n\n\n<li><a href='?page_no=2'>2<\/a><\/li>\n\n\n\n<li><a>...<\/a><\/li>\n\n\n\n<li><a href='?page_no=20939'>20939<\/a><\/li>\n\n\n\n<li><a href='?page_no=20940'>20940<\/a><\/li>\n\n\n\n<li class='active'><a>20941<\/a><\/li>\n\n\n\n<li><a href='?page_no=20942'>20942<\/a><\/li>\n\n\n\n<li><a href='?page_no=20943'>20943<\/a><\/li>\n\n\n\n<li><a>...<\/a><\/li>\n\n\n\n<li><a href='?page_no=22522'>22522<\/a><\/li>\n\n\n\n<li><a href='?page_no=22523'>22523<\/a><\/li>\n\n    \n\t\n\n<li >\n\t<a href='?page_no=20942'>Next<\/a>\n\t<\/li>\n\n\n    \n\n<li><a href='?page_no=22523'>Last &rsaquo;&rsaquo;<\/a><\/li>\n\n<\/ul>\n\n\n--><br \/>\n<\/body><\/p>\n","protected":false},"excerpt":{"rendered":"<p>Yolanda\u00a0 llega \u201ctal cual\u201d a Telesistema\u00a0&#13; &#13; Santo Domingo, 8 de octubre de 2008.-\u00a0 Sin pose, ni estilos y para hacer y expresar las cosas como lo siente, Yolanda Mart\u00ednez estar\u00e1 conduciendo su nuevo programa Talk Cual, por Telesistema este noviembre.\u00a0&#13; &#13; Talk Cual ser\u00e1 conducido por la experimentada comunicadora Yolanda Mart\u00ednez y ser\u00e1 transmitido [&hellip;]<\/p>\n","protected":false},"author":3,"featured_media":0,"comment_status":"open","ping_status":"open","sticky":false,"template":"","format":"standard","meta":{"footnotes":""},"categories":[25],"tags":[],"class_list":["post-92319","post","type-post","status-publish","format-standard","hentry","category-gente"],"_links":{"self":[{"href":"https:\/\/diariodominicano.com\/index.php?rest_route=\/wp\/v2\/posts\/92319","targetHints":{"allow":["GET"]}}],"collection":[{"href":"https:\/\/diariodominicano.com\/index.php?rest_route=\/wp\/v2\/posts"}],"about":[{"href":"https:\/\/diariodominicano.com\/index.php?rest_route=\/wp\/v2\/types\/post"}],"author":[{"embeddable":true,"href":"https:\/\/diariodominicano.com\/index.php?rest_route=\/wp\/v2\/users\/3"}],"replies":[{"embeddable":true,"href":"https:\/\/diariodominicano.com\/index.php?rest_route=%2Fwp%2Fv2%2Fcomments&post=92319"}],"version-history":[{"count":0,"href":"https:\/\/diariodominicano.com\/index.php?rest_route=\/wp\/v2\/posts\/92319\/revisions"}],"wp:attachment":[{"href":"https:\/\/diariodominicano.com\/index.php?rest_route=%2Fwp%2Fv2%2Fmedia&parent=92319"}],"wp:term":[{"taxonomy":"category","embeddable":true,"href":"https:\/\/diariodominicano.com\/index.php?rest_route=%2Fwp%2Fv2%2Fcategories&post=92319"},{"taxonomy":"post_tag","embeddable":true,"href":"https:\/\/diariodominicano.com\/index.php?rest_route=%2Fwp%2Fv2%2Ftags&post=92319"}],"curies":[{"name":"wp","href":"https:\/\/api.w.org\/{rel}","templated":true}]}}