{"id":92318,"date":"2008-10-08T17:18:57","date_gmt":"2008-10-08T17:18:57","guid":{"rendered":"http:\/\/diariodominicano.ddns.net\/?p=92318"},"modified":"2008-10-08T17:18:57","modified_gmt":"2008-10-08T17:18:57","slug":"la-emocion-del-espectaculo-esta-en-telesistema","status":"publish","type":"post","link":"https:\/\/diariodominicano.com\/?p=92318","title":{"rendered":"LA EMOCI\u00d3N DEL ESPECT\u00c1CULO EST\u00c1 EN TELESISTEMA"},"content":{"rendered":"<p><body><\/p>\n<p align=\"center\" class=\"titulogrande1\"><strong>LA EMOCI\u00d3N DEL ESPECT\u00c1CULO EST\u00c1 EN TELESISTEMA<\/strong><\/p>\n<p>&#13;<\/p>\n<p align=\"justify\" class=\"text1noticias\">Santo Domingo, 8 de octubre de  2008.\u00a0 Con\u00a0 talento nuevo y \u00a0un formato que promete contarle al p\u00fablico  todo sobre far\u00e1ndula, llega a Telesistema \u201cArte y Medio\u201d, a partir del pr\u00f3ximo  20 de octubre.<\/p>\n<p>&#13;<\/p>\n<p align=\"justify\" class=\"text1noticias\">Se trata de un noticiero de  espect\u00e1culo donde se dedicar\u00e1 media hora de 2:30 a 3:00 de la tarde, a los  acontecimientos y situaciones relacionadas con la gente que es noticia dentro  del mundo de la far\u00e1ndula nacional e internacional.<\/p>\n<p>&#13;<\/p>\n<p align=\"justify\" class=\"text1noticias\">\u201cArte y Medio promete una amplia  tem\u00e1tica sobre espect\u00e1culos, far\u00e1ndula, arte, cine, televisi\u00f3n junto a sus  protagonistas\u201d dijo Shandy Cuesta, productor de\u00a0  este programa.<\/p>\n<p>&#13;<\/p>\n<p align=\"justify\" class=\"text1noticias\">La conducci\u00f3n de este espacio estar\u00e1 a  cargo de la joven Daniela Espinal, cuya experiencia\u00a0 en el medio art\u00edstico \u00a0ha pasado por varias facetas como modelo,  corresponsal y conductora en distintos programas. <\/p>\n<p>&#13;<\/p>\n<p align=\"justify\" class=\"text1noticias\">\u201cMi aporte a este nuevo  proyecto, ser\u00e1 inyectar innovaci\u00f3n en la TV local.\u00a0 Dar a conocer a los televidentes importantes  lugares e interesantes producciones relacionadas con el mundo del arte, el  espect\u00e1culo y el entretenimiento e ir logrando producir una metamorfosis en la  matriz de las producciones de este tipo de proyectos televisivos\u201d, dijo  Daniela.<\/p>\n<p>&#13;<\/p>\n<h6> 2008-10-08 17:18:57 <\/h6>\n<p><!--\n<link rel=\"stylesheet\" href=\"css\/bootstrap.min.css\">\n\n\n<ul class=\"pagination\">\n\t    \n\t\n\n<li >\n\t<a href='?page_no=20939'>Previous<\/a>\n\t<\/li>\n\n\n       \n    \n\n<li><a href='?page_no=1'>1<\/a><\/li>\n\n\n\n<li><a href='?page_no=2'>2<\/a><\/li>\n\n\n\n<li><a>...<\/a><\/li>\n\n\n\n<li><a href='?page_no=20938'>20938<\/a><\/li>\n\n\n\n<li><a href='?page_no=20939'>20939<\/a><\/li>\n\n\n\n<li class='active'><a>20940<\/a><\/li>\n\n\n\n<li><a href='?page_no=20941'>20941<\/a><\/li>\n\n\n\n<li><a href='?page_no=20942'>20942<\/a><\/li>\n\n\n\n<li><a>...<\/a><\/li>\n\n\n\n<li><a href='?page_no=22522'>22522<\/a><\/li>\n\n\n\n<li><a href='?page_no=22523'>22523<\/a><\/li>\n\n    \n\t\n\n<li >\n\t<a href='?page_no=20941'>Next<\/a>\n\t<\/li>\n\n\n    \n\n<li><a href='?page_no=22523'>Last &rsaquo;&rsaquo;<\/a><\/li>\n\n<\/ul>\n\n\n--><br \/>\n<\/body><\/p>\n","protected":false},"excerpt":{"rendered":"<p>LA EMOCI\u00d3N DEL ESPECT\u00c1CULO EST\u00c1 EN TELESISTEMA &#13; Santo Domingo, 8 de octubre de 2008.\u00a0 Con\u00a0 talento nuevo y \u00a0un formato que promete contarle al p\u00fablico todo sobre far\u00e1ndula, llega a Telesistema \u201cArte y Medio\u201d, a partir del pr\u00f3ximo 20 de octubre. &#13; Se trata de un noticiero de espect\u00e1culo donde se dedicar\u00e1 media hora [&hellip;]<\/p>\n","protected":false},"author":3,"featured_media":0,"comment_status":"open","ping_status":"open","sticky":false,"template":"","format":"standard","meta":{"footnotes":""},"categories":[25],"tags":[],"class_list":["post-92318","post","type-post","status-publish","format-standard","hentry","category-gente"],"_links":{"self":[{"href":"https:\/\/diariodominicano.com\/index.php?rest_route=\/wp\/v2\/posts\/92318","targetHints":{"allow":["GET"]}}],"collection":[{"href":"https:\/\/diariodominicano.com\/index.php?rest_route=\/wp\/v2\/posts"}],"about":[{"href":"https:\/\/diariodominicano.com\/index.php?rest_route=\/wp\/v2\/types\/post"}],"author":[{"embeddable":true,"href":"https:\/\/diariodominicano.com\/index.php?rest_route=\/wp\/v2\/users\/3"}],"replies":[{"embeddable":true,"href":"https:\/\/diariodominicano.com\/index.php?rest_route=%2Fwp%2Fv2%2Fcomments&post=92318"}],"version-history":[{"count":0,"href":"https:\/\/diariodominicano.com\/index.php?rest_route=\/wp\/v2\/posts\/92318\/revisions"}],"wp:attachment":[{"href":"https:\/\/diariodominicano.com\/index.php?rest_route=%2Fwp%2Fv2%2Fmedia&parent=92318"}],"wp:term":[{"taxonomy":"category","embeddable":true,"href":"https:\/\/diariodominicano.com\/index.php?rest_route=%2Fwp%2Fv2%2Fcategories&post=92318"},{"taxonomy":"post_tag","embeddable":true,"href":"https:\/\/diariodominicano.com\/index.php?rest_route=%2Fwp%2Fv2%2Ftags&post=92318"}],"curies":[{"name":"wp","href":"https:\/\/api.w.org\/{rel}","templated":true}]}}