{"id":92317,"date":"2008-10-08T17:56:31","date_gmt":"2008-10-08T17:56:31","guid":{"rendered":"http:\/\/diariodominicano.ddns.net\/?p=92317"},"modified":"2008-10-08T17:56:31","modified_gmt":"2008-10-08T17:56:31","slug":"dos-canciones-del-grupo-aventura-en-produccion-cinematografica-alemana","status":"publish","type":"post","link":"https:\/\/diariodominicano.com\/?p=92317","title":{"rendered":"Dos canciones del grupo Aventura en producci\u00f3n cinematogr\u00e1fica alemana"},"content":{"rendered":"<p><body><\/p>\n<p class=\"titulogrande1\">Dos  canciones del grupo Aventura en producci\u00f3n cinematogr\u00e1fica alemana<\/p>\n<p>&#13;<\/p>\n<p align=\"justify\" class=\"text1noticias\"><img loading=\"lazy\" decoding=\"async\" src=\"http:\/\/localhost:8080\/gente\/img\/aventura grup.jpg\" width=\"375\" height=\"258\" hspace=\"4\" align=\"left\" \/>Miami, FL, 8 de  octubre del 2008.- La banda bachatera m\u00e1s trascendental de todos los tiempos, <strong>Aventura<\/strong>, contin\u00faa rompiendo las  fronteras y las barreras de los idiomas con sus maravillosas composiciones, ya  que dos de sus temas \u201cObsesi\u00f3n\u201d y \u201cCu\u00e1ndo Volver\u00e1s\u201d, han sido escogidos para  formar parte de la banda sonora de la producci\u00f3n cinematogr\u00e1fica alemana  titulada \u201cAlleingang\u201d.<br \/>&#13;<br \/>\n  <br \/>&#13;<br \/>\n  Esta pel\u00edcula, la  cual ser\u00e1 un \u201cremake\u201d del cl\u00e1sico \u201cS\u00f3lo Sunny\u201d, presenta la historia de una  mujer y su persistente lucha por alcanzar todos sus sue\u00f1os durante el dif\u00edcil  per\u00edodo de la otrora Rep\u00fablica Democr\u00e1tica de Alemania.<br \/>&#13;<br \/>\n  <br \/>&#13;<br \/>\n  La versi\u00f3n original  de este filme fue muy popular en todo el mundo, y fue inspirada en la vida de  la actriz de origen alem\u00e1n<strong> Sanije Torka<\/strong>.<br \/>&#13;<br \/>\n  <br \/>&#13;<br \/>\n  Estas canciones se  escuchar\u00e1n durante una escena donde un grupo de amigas bailan extasiadas, al  sintonizar esta m\u00fasica en la radio.<br \/>&#13;<br \/>\n  <br \/>&#13;<br \/>\n  \u201cObsesi\u00f3n\u201d y \u201cCu\u00e1ndo  Volver\u00e1s\u201d pertenecen a las producciones \u201cWe  Broke the Rules\u201d y \u201cGeneration Next\u201d, respectivamente, ambas bajo el  sello discogr\u00e1fico de Premium Latin Music.<\/p>\n<p>&#13;<\/p>\n<h6> 2008-10-08 17:56:31 <\/h6>\n<p><!--\n<link rel=\"stylesheet\" href=\"css\/bootstrap.min.css\">\n\n\n<ul class=\"pagination\">\n\t    \n\t\n\n<li >\n\t<a href='?page_no=20938'>Previous<\/a>\n\t<\/li>\n\n\n       \n    \n\n<li><a href='?page_no=1'>1<\/a><\/li>\n\n\n\n<li><a href='?page_no=2'>2<\/a><\/li>\n\n\n\n<li><a>...<\/a><\/li>\n\n\n\n<li><a href='?page_no=20937'>20937<\/a><\/li>\n\n\n\n<li><a href='?page_no=20938'>20938<\/a><\/li>\n\n\n\n<li class='active'><a>20939<\/a><\/li>\n\n\n\n<li><a href='?page_no=20940'>20940<\/a><\/li>\n\n\n\n<li><a href='?page_no=20941'>20941<\/a><\/li>\n\n\n\n<li><a>...<\/a><\/li>\n\n\n\n<li><a href='?page_no=22522'>22522<\/a><\/li>\n\n\n\n<li><a href='?page_no=22523'>22523<\/a><\/li>\n\n    \n\t\n\n<li >\n\t<a href='?page_no=20940'>Next<\/a>\n\t<\/li>\n\n\n    \n\n<li><a href='?page_no=22523'>Last &rsaquo;&rsaquo;<\/a><\/li>\n\n<\/ul>\n\n\n--><br \/>\n<\/body><\/p>\n","protected":false},"excerpt":{"rendered":"<p>Dos canciones del grupo Aventura en producci\u00f3n cinematogr\u00e1fica alemana &#13; Miami, FL, 8 de octubre del 2008.- La banda bachatera m\u00e1s trascendental de todos los tiempos, Aventura, contin\u00faa rompiendo las fronteras y las barreras de los idiomas con sus maravillosas composiciones, ya que dos de sus temas \u201cObsesi\u00f3n\u201d y \u201cCu\u00e1ndo Volver\u00e1s\u201d, han sido escogidos para [&hellip;]<\/p>\n","protected":false},"author":3,"featured_media":0,"comment_status":"open","ping_status":"open","sticky":false,"template":"","format":"standard","meta":{"footnotes":""},"categories":[25],"tags":[],"class_list":["post-92317","post","type-post","status-publish","format-standard","hentry","category-gente"],"_links":{"self":[{"href":"https:\/\/diariodominicano.com\/index.php?rest_route=\/wp\/v2\/posts\/92317","targetHints":{"allow":["GET"]}}],"collection":[{"href":"https:\/\/diariodominicano.com\/index.php?rest_route=\/wp\/v2\/posts"}],"about":[{"href":"https:\/\/diariodominicano.com\/index.php?rest_route=\/wp\/v2\/types\/post"}],"author":[{"embeddable":true,"href":"https:\/\/diariodominicano.com\/index.php?rest_route=\/wp\/v2\/users\/3"}],"replies":[{"embeddable":true,"href":"https:\/\/diariodominicano.com\/index.php?rest_route=%2Fwp%2Fv2%2Fcomments&post=92317"}],"version-history":[{"count":0,"href":"https:\/\/diariodominicano.com\/index.php?rest_route=\/wp\/v2\/posts\/92317\/revisions"}],"wp:attachment":[{"href":"https:\/\/diariodominicano.com\/index.php?rest_route=%2Fwp%2Fv2%2Fmedia&parent=92317"}],"wp:term":[{"taxonomy":"category","embeddable":true,"href":"https:\/\/diariodominicano.com\/index.php?rest_route=%2Fwp%2Fv2%2Fcategories&post=92317"},{"taxonomy":"post_tag","embeddable":true,"href":"https:\/\/diariodominicano.com\/index.php?rest_route=%2Fwp%2Fv2%2Ftags&post=92317"}],"curies":[{"name":"wp","href":"https:\/\/api.w.org\/{rel}","templated":true}]}}