{"id":92316,"date":"2008-10-08T21:34:06","date_gmt":"2008-10-08T21:34:06","guid":{"rendered":"http:\/\/diariodominicano.ddns.net\/?p=92316"},"modified":"2008-10-08T21:34:06","modified_gmt":"2008-10-08T21:34:06","slug":"sony-bmg-latin-anuncia-nueva-locacion-en-miami","status":"publish","type":"post","link":"https:\/\/diariodominicano.com\/?p=92316","title":{"rendered":"Sony Bmg Latin anuncia nueva locaci\u00f3n en Miami"},"content":{"rendered":"<p><body><\/p>\n<p class=\"titulogrande1\">Sony Bmg Latin  anuncia nueva locaci\u00f3n en Miami<\/p>\n<p>&#13;<\/p>\n<p align=\"justify\" class=\"text1noticias\">Miami, FL, 8 de  octubre del 2008.- Desde la pr\u00f3xima semana, Sony BMG Latin tendr\u00e1 nueva sede en  la ciudad de Miami. Luego de trece a\u00f1os de permanencia en el 605 de Lincoln  Road en Miami Beach, ahora sus nuevas oficinas estar\u00e1n situadas en la ciudad de  Coconut Grove.<br \/>&#13;<br \/>\n  <br \/>&#13;<br \/>\n  A partir del pr\u00f3ximo  viernes 10 de octubre y hasta el lunes 13, se realizar\u00e1 la mudanza por lo que  no habr\u00e1 acceso telef\u00f3nico ni de Internet con las diversas \u00e1reas de la  compa\u00f1\u00eda, sin embargo el d\u00eda viernes se podr\u00e1 contactar al personal v\u00eda  blackberry \u00f3 celular.<br \/>&#13;<br \/>\n  <br \/>&#13;<br \/>\nComenzando el martes  14, la nueva direcci\u00f3n de la compa\u00f1\u00eda, ser\u00e1 en el 3390 Mary Street, Suite 220,  Segundo Piso, Coconut Grove, FL, 33133, con el nuevo n\u00famero de tel\u00e9fono  305.420.4900<\/p>\n<p>&#13;<\/p>\n<h6> 2008-10-08 21:34:06 <\/h6>\n<p><!--\n<link rel=\"stylesheet\" href=\"css\/bootstrap.min.css\">\n\n\n<ul class=\"pagination\">\n\t    \n\t\n\n<li >\n\t<a href='?page_no=20937'>Previous<\/a>\n\t<\/li>\n\n\n       \n    \n\n<li><a href='?page_no=1'>1<\/a><\/li>\n\n\n\n<li><a href='?page_no=2'>2<\/a><\/li>\n\n\n\n<li><a>...<\/a><\/li>\n\n\n\n<li><a href='?page_no=20936'>20936<\/a><\/li>\n\n\n\n<li><a href='?page_no=20937'>20937<\/a><\/li>\n\n\n\n<li class='active'><a>20938<\/a><\/li>\n\n\n\n<li><a href='?page_no=20939'>20939<\/a><\/li>\n\n\n\n<li><a href='?page_no=20940'>20940<\/a><\/li>\n\n\n\n<li><a>...<\/a><\/li>\n\n\n\n<li><a href='?page_no=22522'>22522<\/a><\/li>\n\n\n\n<li><a href='?page_no=22523'>22523<\/a><\/li>\n\n    \n\t\n\n<li >\n\t<a href='?page_no=20939'>Next<\/a>\n\t<\/li>\n\n\n    \n\n<li><a href='?page_no=22523'>Last &rsaquo;&rsaquo;<\/a><\/li>\n\n<\/ul>\n\n\n--><br \/>\n<\/body><\/p>\n","protected":false},"excerpt":{"rendered":"<p>Sony Bmg Latin anuncia nueva locaci\u00f3n en Miami &#13; Miami, FL, 8 de octubre del 2008.- Desde la pr\u00f3xima semana, Sony BMG Latin tendr\u00e1 nueva sede en la ciudad de Miami. Luego de trece a\u00f1os de permanencia en el 605 de Lincoln Road en Miami Beach, ahora sus nuevas oficinas estar\u00e1n situadas en la ciudad [&hellip;]<\/p>\n","protected":false},"author":3,"featured_media":0,"comment_status":"open","ping_status":"open","sticky":false,"template":"","format":"standard","meta":{"footnotes":""},"categories":[25],"tags":[],"class_list":["post-92316","post","type-post","status-publish","format-standard","hentry","category-gente"],"_links":{"self":[{"href":"https:\/\/diariodominicano.com\/index.php?rest_route=\/wp\/v2\/posts\/92316","targetHints":{"allow":["GET"]}}],"collection":[{"href":"https:\/\/diariodominicano.com\/index.php?rest_route=\/wp\/v2\/posts"}],"about":[{"href":"https:\/\/diariodominicano.com\/index.php?rest_route=\/wp\/v2\/types\/post"}],"author":[{"embeddable":true,"href":"https:\/\/diariodominicano.com\/index.php?rest_route=\/wp\/v2\/users\/3"}],"replies":[{"embeddable":true,"href":"https:\/\/diariodominicano.com\/index.php?rest_route=%2Fwp%2Fv2%2Fcomments&post=92316"}],"version-history":[{"count":0,"href":"https:\/\/diariodominicano.com\/index.php?rest_route=\/wp\/v2\/posts\/92316\/revisions"}],"wp:attachment":[{"href":"https:\/\/diariodominicano.com\/index.php?rest_route=%2Fwp%2Fv2%2Fmedia&parent=92316"}],"wp:term":[{"taxonomy":"category","embeddable":true,"href":"https:\/\/diariodominicano.com\/index.php?rest_route=%2Fwp%2Fv2%2Fcategories&post=92316"},{"taxonomy":"post_tag","embeddable":true,"href":"https:\/\/diariodominicano.com\/index.php?rest_route=%2Fwp%2Fv2%2Ftags&post=92316"}],"curies":[{"name":"wp","href":"https:\/\/api.w.org\/{rel}","templated":true}]}}