{"id":92314,"date":"2008-10-09T14:41:02","date_gmt":"2008-10-09T14:41:02","guid":{"rendered":"http:\/\/diariodominicano.ddns.net\/?p=92314"},"modified":"2008-10-09T14:41:02","modified_gmt":"2008-10-09T14:41:02","slug":"bonao-vive-ambiente-de-fiesta-por-concierto-del-torito","status":"publish","type":"post","link":"https:\/\/diariodominicano.com\/?p=92314","title":{"rendered":"Bonao vive ambiente de fiesta por concierto del Torito"},"content":{"rendered":"<p><body><\/p>\n<p class=\"titulogrande1\"><strong>Bonao  vive ambiente de fiesta por concierto del Torito<\/strong><\/p>\n<p>&#13;<\/p>\n<p align=\"justify\" class=\"text1noticias\"><img loading=\"lazy\" decoding=\"async\" src=\"http:\/\/localhost:8080\/gente\/img\/toro concert.jpg\" width=\"375\" height=\"976\" hspace=\"4\" align=\"left\" \/>Un ambiente festivo es el que se  respira en Bonao en la v\u00edspera del esperado concierto \u201cSerie 48\u201d que protagonizar\u00e1 H\u00e9ctor  Acosta \u201cEl Torito\u201d, el pr\u00f3ximo domingo 12 de este mes en la ciudad que lo vio  nacer.<br \/>&#13;<br \/>\n  <br \/>&#13;<br \/>\n  Y es que a todo lo largo y ancho de la  avenida Libertad, la principal v\u00eda urbana de Bonao, el merenguero pretende  escribir un cap\u00edtulo importante en su rutilante carrera art\u00edstica cuando decenas  de miles de admiradores respalden este gesto de ofrecer un espect\u00e1culo gratis a  su pueblo.<br \/>&#13;<br \/>\n  <br \/>&#13;<br \/>\n  Y no es casual que el anuncio de esta  propuesta esc\u00e9nica que est\u00e1 bajo la producci\u00f3n del empresario Luis Medrano,  haya generado tantas expectativas, pues \u201cEl Torito\u201d ha demostrado que es  profeta en su tierra al ocupar la atenci\u00f3n de todos los sectores de la sociedad  bonaense.<br \/>&#13;<br \/>\n  <br \/>&#13;<br \/>\n  \u201cEste concierto no lo cambio por todo  el dinero del mundo\u201d, proclam\u00f3 el int\u00e9rprete de \u201cEl anillo\u201d al revelar que era  para \u00e9l un sue\u00f1o presentar en su pueblo un show con elevadas dosis de  espectacularidad. <br \/>&#13;<br \/>\n  <br \/>&#13;<br \/>\n  Y para este montaje ha contado con el decidido  respaldo de la Gobernaci\u00f3n   Provincial, Ayuntamiento Municipal, Polic\u00eda Nacional, Defensa  Civil y Cruz Roja.<br \/>&#13;<br \/>\n  <br \/>&#13;<br \/>\n  Un equipo de profesionales trabaja en  conjunto con los ingenieros de sonido y luces, escenario, personal de seguridad  y la log\u00edstica del espectacular concierto que ser\u00e1 transmitido v\u00eda sat\u00e9lite a  trav\u00e9s de Mang\u00fa Music Television. <br \/>&#13;<br \/>\n  <br \/>&#13;<br \/>\n  Entre los auspiciadores de esta  esperada puesta musical se encuentran Brugal, Cerveza Presidente y el ingeniero  Carlos Ozoria, un reconocido y exitoso empresario de Bonao, que no ha  escatimado esfuerzos ni recursos a fin brindarle todo su respaldo a H\u00e9ctor  Acosta \u201cEl Torito\u201d en este evento.<\/p>\n<p>&#13;<\/p>\n<h6> 2008-10-09 14:41:02 <\/h6>\n<p><!--\n<link rel=\"stylesheet\" href=\"css\/bootstrap.min.css\">\n\n\n<ul class=\"pagination\">\n\t    \n\t\n\n<li >\n\t<a href='?page_no=20935'>Previous<\/a>\n\t<\/li>\n\n\n       \n    \n\n<li><a href='?page_no=1'>1<\/a><\/li>\n\n\n\n<li><a href='?page_no=2'>2<\/a><\/li>\n\n\n\n<li><a>...<\/a><\/li>\n\n\n\n<li><a href='?page_no=20934'>20934<\/a><\/li>\n\n\n\n<li><a href='?page_no=20935'>20935<\/a><\/li>\n\n\n\n<li class='active'><a>20936<\/a><\/li>\n\n\n\n<li><a href='?page_no=20937'>20937<\/a><\/li>\n\n\n\n<li><a href='?page_no=20938'>20938<\/a><\/li>\n\n\n\n<li><a>...<\/a><\/li>\n\n\n\n<li><a href='?page_no=22522'>22522<\/a><\/li>\n\n\n\n<li><a href='?page_no=22523'>22523<\/a><\/li>\n\n    \n\t\n\n<li >\n\t<a href='?page_no=20937'>Next<\/a>\n\t<\/li>\n\n\n    \n\n<li><a href='?page_no=22523'>Last &rsaquo;&rsaquo;<\/a><\/li>\n\n<\/ul>\n\n\n--><br \/>\n<\/body><\/p>\n","protected":false},"excerpt":{"rendered":"<p>Bonao vive ambiente de fiesta por concierto del Torito &#13; Un ambiente festivo es el que se respira en Bonao en la v\u00edspera del esperado concierto \u201cSerie 48\u201d que protagonizar\u00e1 H\u00e9ctor Acosta \u201cEl Torito\u201d, el pr\u00f3ximo domingo 12 de este mes en la ciudad que lo vio nacer.&#13; &#13; Y es que a todo lo [&hellip;]<\/p>\n","protected":false},"author":3,"featured_media":0,"comment_status":"open","ping_status":"open","sticky":false,"template":"","format":"standard","meta":{"footnotes":""},"categories":[25],"tags":[],"class_list":["post-92314","post","type-post","status-publish","format-standard","hentry","category-gente"],"_links":{"self":[{"href":"https:\/\/diariodominicano.com\/index.php?rest_route=\/wp\/v2\/posts\/92314","targetHints":{"allow":["GET"]}}],"collection":[{"href":"https:\/\/diariodominicano.com\/index.php?rest_route=\/wp\/v2\/posts"}],"about":[{"href":"https:\/\/diariodominicano.com\/index.php?rest_route=\/wp\/v2\/types\/post"}],"author":[{"embeddable":true,"href":"https:\/\/diariodominicano.com\/index.php?rest_route=\/wp\/v2\/users\/3"}],"replies":[{"embeddable":true,"href":"https:\/\/diariodominicano.com\/index.php?rest_route=%2Fwp%2Fv2%2Fcomments&post=92314"}],"version-history":[{"count":0,"href":"https:\/\/diariodominicano.com\/index.php?rest_route=\/wp\/v2\/posts\/92314\/revisions"}],"wp:attachment":[{"href":"https:\/\/diariodominicano.com\/index.php?rest_route=%2Fwp%2Fv2%2Fmedia&parent=92314"}],"wp:term":[{"taxonomy":"category","embeddable":true,"href":"https:\/\/diariodominicano.com\/index.php?rest_route=%2Fwp%2Fv2%2Fcategories&post=92314"},{"taxonomy":"post_tag","embeddable":true,"href":"https:\/\/diariodominicano.com\/index.php?rest_route=%2Fwp%2Fv2%2Ftags&post=92314"}],"curies":[{"name":"wp","href":"https:\/\/api.w.org\/{rel}","templated":true}]}}