{"id":92313,"date":"2008-10-09T14:43:16","date_gmt":"2008-10-09T14:43:16","guid":{"rendered":"http:\/\/diariodominicano.ddns.net\/?p=92313"},"modified":"2008-10-09T14:43:16","modified_gmt":"2008-10-09T14:43:16","slug":"pavel-nunez-llega-este-viernes-a-san-pedro-con-su-gira-universitaria","status":"publish","type":"post","link":"https:\/\/diariodominicano.com\/?p=92313","title":{"rendered":"Pavel N\u00fa\u00f1ez, llega este viernes a San Pedro con su gira universitaria"},"content":{"rendered":"<p><body><\/p>\n<p class=\"titulogrande1\"><strong>Pavel N\u00fa\u00f1ez, llega este  viernes a San Pedro con su gira universitaria<\/strong><\/p>\n<p>&#13;<\/p>\n<p align=\"justify\" class=\"text1noticias\"><strong><img loading=\"lazy\" decoding=\"async\" src=\"http:\/\/localhost:8080\/gente\/img\/pave concer.jpg\" width=\"375\" height=\"781\" hspace=\"4\" align=\"left\" \/>Santo Domingo, Rep\u00fablica  Dominicana<\/strong>.-  Pavel N\u00fa\u00f1ez se presenta este viernes en la Universidad Central del Este (UCE)  de San Pedro de Macor\u00eds a las 8 de la noche, en la segunda fecha de su gira  Universitaria.<\/p>\n<p>&#13;<\/p>\n<p align=\"justify\" class=\"text1noticias\">Su presentaci\u00f3n tendr\u00e1  la\u00a0presencia de importantes m\u00fasicos, muchos de los cuales conforman la  prestigiosa banda 440 de Juan Lu\u00eds Guerra, como es Lu\u00eds Rafa Pay\u00e1n (Guitarra),  Isidro Bobadilla (Percusi\u00f3n), Guy Fr\u00f3meta (Bater\u00eda) y Lu\u00eds Pay\u00e1n (Guitarra).<\/p>\n<p>&#13;<\/p>\n<p align=\"justify\" class=\"text1noticias\">En esta oportunidad y como  sucedi\u00f3 en el concierto del fin de semana pasado en San Francisco, la  presentaci\u00f3n ser\u00e1 completamente gratis para los estudiantes de la UCE, lo que  permitir\u00e1 a la poblaci\u00f3n estudiantil de la regi\u00f3n Este\u00a0disfrutar de una  espect\u00e1culo a gran escala.<\/p>\n<p>&#13;<\/p>\n<p align=\"justify\" class=\"text1noticias\"> Es la segunda presentaci\u00f3n  de Pavel en la tierra de los peloteros y para la ocasi\u00f3n lleva un repertorio  extenso de 18 canciones.<\/p>\n<p>&#13;<\/p>\n<p align=\"justify\" class=\"text1noticias\">\u00abMe siento feliz  tocando en SPM ya que aparte de la receptividad del p\u00fablico, parte mi familia  paterna es de all\u00ed y es como estar en casa\u00bb, dice Pavel, respecto a su  presentaci\u00f3n del viernes.<\/p>\n<p>&#13;<\/p>\n<p align=\"justify\" class=\"text1noticias\">Adem\u00e1s incluye al cubano  Michelle Fragoso, la\u00a0de\u00a0rock\u00a0Calor Urbano y a\u00a0Luichy  Guzm\u00e1n, como parte de los atractivos de la noche quienes tambi\u00e9n preparan un  buen show.<\/p>\n<p>&#13;<\/p>\n<p align=\"justify\" class=\"text1noticias\">Calor Urbano, ha logrado  varios premios entre ellos el Casandra, con el cual ratificaron su penetraci\u00f3n  en la juventud y por su calidad y colorido musical, fueron invitados por Juan  Lu\u00eds Guerra para ser los teloneros de su gira norteamericana a mediados de a\u00f1o.<\/p>\n<p>&#13;<\/p>\n<p align=\"justify\" class=\"text1noticias\">La s\u00e9ptima gira  universitaria de Pavel llega al p\u00fablico bajo el patrocinio de Orange.<\/p>\n<p>&#13;<\/p>\n<h6> 2008-10-09 14:43:16 <\/h6>\n<p><!--\n<link rel=\"stylesheet\" href=\"css\/bootstrap.min.css\">\n\n\n<ul class=\"pagination\">\n\t    \n\t\n\n<li >\n\t<a href='?page_no=20934'>Previous<\/a>\n\t<\/li>\n\n\n       \n    \n\n<li><a href='?page_no=1'>1<\/a><\/li>\n\n\n\n<li><a href='?page_no=2'>2<\/a><\/li>\n\n\n\n<li><a>...<\/a><\/li>\n\n\n\n<li><a href='?page_no=20933'>20933<\/a><\/li>\n\n\n\n<li><a href='?page_no=20934'>20934<\/a><\/li>\n\n\n\n<li class='active'><a>20935<\/a><\/li>\n\n\n\n<li><a href='?page_no=20936'>20936<\/a><\/li>\n\n\n\n<li><a href='?page_no=20937'>20937<\/a><\/li>\n\n\n\n<li><a>...<\/a><\/li>\n\n\n\n<li><a href='?page_no=22522'>22522<\/a><\/li>\n\n\n\n<li><a href='?page_no=22523'>22523<\/a><\/li>\n\n    \n\t\n\n<li >\n\t<a href='?page_no=20936'>Next<\/a>\n\t<\/li>\n\n\n    \n\n<li><a href='?page_no=22523'>Last &rsaquo;&rsaquo;<\/a><\/li>\n\n<\/ul>\n\n\n--><br \/>\n<\/body><\/p>\n","protected":false},"excerpt":{"rendered":"<p>Pavel N\u00fa\u00f1ez, llega este viernes a San Pedro con su gira universitaria &#13; Santo Domingo, Rep\u00fablica Dominicana.- Pavel N\u00fa\u00f1ez se presenta este viernes en la Universidad Central del Este (UCE) de San Pedro de Macor\u00eds a las 8 de la noche, en la segunda fecha de su gira Universitaria. &#13; Su presentaci\u00f3n tendr\u00e1 la\u00a0presencia de [&hellip;]<\/p>\n","protected":false},"author":3,"featured_media":0,"comment_status":"open","ping_status":"open","sticky":false,"template":"","format":"standard","meta":{"footnotes":""},"categories":[25],"tags":[],"class_list":["post-92313","post","type-post","status-publish","format-standard","hentry","category-gente"],"_links":{"self":[{"href":"https:\/\/diariodominicano.com\/index.php?rest_route=\/wp\/v2\/posts\/92313","targetHints":{"allow":["GET"]}}],"collection":[{"href":"https:\/\/diariodominicano.com\/index.php?rest_route=\/wp\/v2\/posts"}],"about":[{"href":"https:\/\/diariodominicano.com\/index.php?rest_route=\/wp\/v2\/types\/post"}],"author":[{"embeddable":true,"href":"https:\/\/diariodominicano.com\/index.php?rest_route=\/wp\/v2\/users\/3"}],"replies":[{"embeddable":true,"href":"https:\/\/diariodominicano.com\/index.php?rest_route=%2Fwp%2Fv2%2Fcomments&post=92313"}],"version-history":[{"count":0,"href":"https:\/\/diariodominicano.com\/index.php?rest_route=\/wp\/v2\/posts\/92313\/revisions"}],"wp:attachment":[{"href":"https:\/\/diariodominicano.com\/index.php?rest_route=%2Fwp%2Fv2%2Fmedia&parent=92313"}],"wp:term":[{"taxonomy":"category","embeddable":true,"href":"https:\/\/diariodominicano.com\/index.php?rest_route=%2Fwp%2Fv2%2Fcategories&post=92313"},{"taxonomy":"post_tag","embeddable":true,"href":"https:\/\/diariodominicano.com\/index.php?rest_route=%2Fwp%2Fv2%2Ftags&post=92313"}],"curies":[{"name":"wp","href":"https:\/\/api.w.org\/{rel}","templated":true}]}}