{"id":92311,"date":"2008-10-09T16:23:05","date_gmt":"2008-10-09T16:23:05","guid":{"rendered":"http:\/\/diariodominicano.ddns.net\/?p=92311"},"modified":"2008-10-09T16:23:05","modified_gmt":"2008-10-09T16:23:05","slug":"freddy-beras-presenta-su-libro-parte-de-mi-vida-en-new-york","status":"publish","type":"post","link":"https:\/\/diariodominicano.com\/?p=92311","title":{"rendered":"Freddy Beras presenta su libro \u00abParte de mi Vida\u00bb en New York"},"content":{"rendered":"<p><body><\/p>\n<p class=\"titulogrande1\"><strong>Freddy Beras presenta su libro \u00abParte de mi Vida\u00bb en New York<\/strong><\/p>\n<p>&#13;<\/p>\n<p align=\"justify\" class=\"text1noticias\"><strong><img loading=\"lazy\" decoding=\"async\" src=\"http:\/\/localhost:8080\/gente\/img\/fredy libro.jpg\" width=\"375\" height=\"734\" hspace=\"4\" align=\"left\" \/>New York,  USA.-<\/strong> Freddy Beras Goico puso a circular su libro \u00abParte de mi  Vida\u00bb en la ciudad de New York el pasado mi\u00e9rcoles 8 de octubre\u00a0en el  Arka Lounge de la avenida Broadway con 192 en el Alto Manhattan, donde se dio  cita un nutrido grupo de medios de comunicaci\u00f3n y figuras locales.<\/p>\n<p>&#13;<\/p>\n<p align=\"justify\" class=\"text1noticias\">En el acto  estuvo presente Vidal Cede\u00f1o y Ren\u00e9 Brea quienes tienen a su cargo la  producci\u00f3n\u00a0de los cincuenta a\u00f1os de Freddy Beras en el arte\u00a0con un  espect\u00e1culo que tendr\u00e1 lugar este s\u00e1bado en el United Palace de esta ciudad.<\/p>\n<p>&#13;<\/p>\n<p align=\"justify\" class=\"text1noticias\">La presentaci\u00f3n  del libro fue moderada por el reconocido locutor dominicano radicado en la  \u00abBabel de Hierro\u00bb\u00a0Ram\u00f3n Anibal, quien dada su experiencia y  trayectoria pudo\u00a0evocar los grandes momentos de la carrera de Freddy para  una presentaci\u00f3n magistral.<\/p>\n<p>&#13;<\/p>\n<p align=\"justify\" class=\"text1noticias\"> Importantes  figuras de la radio y la televisi\u00f3n hicieron acto de presencia en este  lanzamiento que de paso sirvi\u00f3 para dar detalles\u00a0sobre el\u00a0espect\u00e1culo  del s\u00e1bado\u00a0al que asistir\u00e1n\u00a0m\u00e1s de quince artistas\u00a0para  rendir\u00a0tributo a\u00a0Beras Goico.<\/p>\n<p>&#13;<\/p>\n<p align=\"justify\" class=\"text1noticias\">Entre los  presentes se pudo ver al reconocido locutor dominicano de la emisora \u00abLa  Kalle\u00bb Alipio Coco Cabrera, Frederic Mart\u00ednez \u00abEl Pach\u00e1\u00bb,  William D\u00edaz, Guillermo Linares, comisionado para asuntos migratorio de la  ciudad de New York; Jos\u00e9 Guillermo Sued, as\u00ed como importantes empresarios de la  comunidad dominicana, quienes  fueron a  compartir\u00a0 y a escuchar la experiencia art\u00edstica de la principal figura de  la televisi\u00f3n dominicana.<\/p>\n<p>&#13;<\/p>\n<p align=\"justify\" class=\"text1noticias\">\u00abParte  de mi Vida\u00bb es un relato biogr\u00e1fico de algunos sucesos que marcaron la  vida de Freddy, escritos luego de superar el c\u00e1ncer que en el 2006 aquej\u00f3 su  salud.<\/p>\n<p>&#13;<\/p>\n<p align=\"justify\" class=\"text1noticias\">El  libro est\u00e1 a la venta en las Librer\u00edas Caliope y Continental as\u00ed como en la  Feria del Libro dominicano que se celebra este fin de semana en la Escuela  Hermanas Mirabal de New york, y durante el espect\u00e1culo de celebraci\u00f3n de los  cincuenta a\u00f1os en el United Palace de la 75 y Broadway. <\/p>\n<p>&#13;<\/p>\n<p align=\"justify\" class=\"text1noticias\">Anteriormente  el humorista escribi\u00f3 los libros \u00abLa Mulatona\u00bb, en el primer lustro  de los a\u00f1os setenta; \u00abJuan de los Palotes\u00bb durante los\u00a0ochenta y  el \u00abLibro de las Escusas\u00bb.<\/p>\n<p>&#13;<\/p>\n<p align=\"justify\" class=\"text1noticias\">Todos  los ingresos generados por el \u00faltimo libro de Freddy\u00a0son destinados a  obras de ayuda, especialmente en el \u00e1rea de la salud infantil.<\/p>\n<p>&#13;<\/p>\n<h6> 2008-10-09 16:23:05 <\/h6>\n<p><!--\n<link rel=\"stylesheet\" href=\"css\/bootstrap.min.css\">\n\n\n<ul class=\"pagination\">\n\t    \n\t\n\n<li >\n\t<a href='?page_no=20932'>Previous<\/a>\n\t<\/li>\n\n\n       \n    \n\n<li><a href='?page_no=1'>1<\/a><\/li>\n\n\n\n<li><a href='?page_no=2'>2<\/a><\/li>\n\n\n\n<li><a>...<\/a><\/li>\n\n\n\n<li><a href='?page_no=20931'>20931<\/a><\/li>\n\n\n\n<li><a href='?page_no=20932'>20932<\/a><\/li>\n\n\n\n<li class='active'><a>20933<\/a><\/li>\n\n\n\n<li><a href='?page_no=20934'>20934<\/a><\/li>\n\n\n\n<li><a href='?page_no=20935'>20935<\/a><\/li>\n\n\n\n<li><a>...<\/a><\/li>\n\n\n\n<li><a href='?page_no=22522'>22522<\/a><\/li>\n\n\n\n<li><a href='?page_no=22523'>22523<\/a><\/li>\n\n    \n\t\n\n<li >\n\t<a href='?page_no=20934'>Next<\/a>\n\t<\/li>\n\n\n    \n\n<li><a href='?page_no=22523'>Last &rsaquo;&rsaquo;<\/a><\/li>\n\n<\/ul>\n\n\n--><br \/>\n<\/body><\/p>\n","protected":false},"excerpt":{"rendered":"<p>Freddy Beras presenta su libro \u00abParte de mi Vida\u00bb en New York &#13; New York, USA.- Freddy Beras Goico puso a circular su libro \u00abParte de mi Vida\u00bb en la ciudad de New York el pasado mi\u00e9rcoles 8 de octubre\u00a0en el Arka Lounge de la avenida Broadway con 192 en el Alto Manhattan, donde se [&hellip;]<\/p>\n","protected":false},"author":3,"featured_media":0,"comment_status":"open","ping_status":"open","sticky":false,"template":"","format":"standard","meta":{"footnotes":""},"categories":[25],"tags":[],"class_list":["post-92311","post","type-post","status-publish","format-standard","hentry","category-gente"],"_links":{"self":[{"href":"https:\/\/diariodominicano.com\/index.php?rest_route=\/wp\/v2\/posts\/92311","targetHints":{"allow":["GET"]}}],"collection":[{"href":"https:\/\/diariodominicano.com\/index.php?rest_route=\/wp\/v2\/posts"}],"about":[{"href":"https:\/\/diariodominicano.com\/index.php?rest_route=\/wp\/v2\/types\/post"}],"author":[{"embeddable":true,"href":"https:\/\/diariodominicano.com\/index.php?rest_route=\/wp\/v2\/users\/3"}],"replies":[{"embeddable":true,"href":"https:\/\/diariodominicano.com\/index.php?rest_route=%2Fwp%2Fv2%2Fcomments&post=92311"}],"version-history":[{"count":0,"href":"https:\/\/diariodominicano.com\/index.php?rest_route=\/wp\/v2\/posts\/92311\/revisions"}],"wp:attachment":[{"href":"https:\/\/diariodominicano.com\/index.php?rest_route=%2Fwp%2Fv2%2Fmedia&parent=92311"}],"wp:term":[{"taxonomy":"category","embeddable":true,"href":"https:\/\/diariodominicano.com\/index.php?rest_route=%2Fwp%2Fv2%2Fcategories&post=92311"},{"taxonomy":"post_tag","embeddable":true,"href":"https:\/\/diariodominicano.com\/index.php?rest_route=%2Fwp%2Fv2%2Ftags&post=92311"}],"curies":[{"name":"wp","href":"https:\/\/api.w.org\/{rel}","templated":true}]}}