{"id":92308,"date":"2008-10-09T20:27:56","date_gmt":"2008-10-09T20:27:56","guid":{"rendered":"http:\/\/diariodominicano.ddns.net\/?p=92308"},"modified":"2008-10-09T20:27:56","modified_gmt":"2008-10-09T20:27:56","slug":"salvador-del-solar-actor-peruano-que-triunfa-en-las-tablas","status":"publish","type":"post","link":"https:\/\/diariodominicano.com\/?p=92308","title":{"rendered":"Salvador del Solar, actor peruano que triunfa en las tablas"},"content":{"rendered":"<p><body><\/p>\n<p align=\"justify\"><strong class=\"titulogrande1\">Salvador del  Solar, actor peruano que triunfa en las tablas<\/strong><br \/>&#13;<br \/>\n  <br \/>&#13;<br \/>\n    <span class=\"text1noticias\"><img loading=\"lazy\" decoding=\"async\" src=\"http:\/\/localhost:8080\/gente\/img\/focus foto.jpg\" width=\"375\" height=\"511\" hspace=\"4\" align=\"left\" \/>El actor peruano  Salvador del Solar, que se diera a conocer en el pa\u00eds por producciones como  \u201cPobre Diabla\u201d y \u201cSinverguenza\u201d tom\u00f3 sus maletas y se traslad\u00f3 hacia Colombia  donde las oportunidades de trabajo han sido excelentes, reconociendo el actor  que se siente tan bien que no cree que esta en un pa\u00eds extranjero sino que  cambi\u00f3 de ciudad.<br \/>&#13;<br \/>\n    <br \/>&#13;<br \/>\n    Actualmente  trabaja en la telenovela de \u00e9poca \u201cLa Traici\u00f3n\u201d donde realiza el papel del  malvado Arturo. \u201cSoy el antag\u00f3nico, un verdadero villano, un ex militar que  queda hu\u00e9rfano a temprana edad y se hace cargo de su familia, por ende de su  hermana Beatriz, cuya honra ve manchada por Sebasti\u00e1n y decide hacer que cumpla  con ella\u201d, expres\u00f3 a los medios de comunicaci\u00f3n.<br \/>&#13;<br \/>\n    <br \/>&#13;<br \/>\n    Dice que ha sido  un placer trabajar en este equipo, donde comparte cr\u00e9ditos junto a Mario  Cimarro (Sebasti\u00e1n de Mendoza) y sus compatriotas Rossana Fern\u00e1ndez (Beatriz) y  Virna Flores (Elo\u00edsa). <br \/>&#13;<br \/>\n    <br \/>&#13;<br \/>\n    Espera que su  sue\u00f1o de internacionalizaci\u00f3n pueda hacerse realidad con el rodaje de la serie  policial La Ley, un proyecto de la productora Vendetta.<br \/>&#13;<br \/>\n    <br \/>&#13;<br \/>\nEn otro segmento, te presentamos dos historias impactantes,  de dos grandes actrices que atraviesan \u00a0por un delicado momento de salud  como es el caso de Victoria Ruffo, diagnosticada con celiaca, enfermedad que  afecta el sistema digestivo, y Lorena Rojas, v\u00edctima del c\u00e1ncer de seno.<\/span><\/p>\n<p>&#13;<\/p>\n<p align=\"justify\" class=\"text1noticias\"><strong>\u201cLa Diva\u201d<\/strong> como siempre metida en vida ajena trae los pleitos,  romances, incidencias y competencia de las actrices de la telenovela <strong>\u201cCondesa por Amor\u201d<\/strong> que concluy\u00f3 su  grabaci\u00f3n en el pa\u00eds.<\/p>\n<p>&#13;<\/p>\n<p align=\"justify\" class=\"text1noticias\">En el segmento <strong>\u201cDiario  del Espect\u00e1culo\u201d<\/strong> te contamos historias acaecidas un 12 de octubre y sus protagonistas  son Isabel La Cat\u00f3lica, Michael Jackson, Crist\u00f3bal Colon, Luciano Pavarotti y The  Beatles.<\/p>\n<p>&#13;<\/p>\n<p align=\"justify\" class=\"text1noticias\">No se pierda <strong>\u201cFOCUS\u201d<\/strong> cada domingo desde las 7:30 de la noche, por Antena Latina. Adem\u00e1s, recuerde  escribirnos sus comentarios y sugerencias a <a href=\"mailto:focus.cem@gmail.com\">focus.cem@gmail.com<\/a><\/p>\n<p>&#13;<\/p>\n<h6> 2008-10-09 20:27:56 <\/h6>\n<p><!--\n<link rel=\"stylesheet\" href=\"css\/bootstrap.min.css\">\n\n\n<ul class=\"pagination\">\n\t    \n\t\n\n<li >\n\t<a href='?page_no=20929'>Previous<\/a>\n\t<\/li>\n\n\n       \n    \n\n<li><a href='?page_no=1'>1<\/a><\/li>\n\n\n\n<li><a href='?page_no=2'>2<\/a><\/li>\n\n\n\n<li><a>...<\/a><\/li>\n\n\n\n<li><a href='?page_no=20928'>20928<\/a><\/li>\n\n\n\n<li><a href='?page_no=20929'>20929<\/a><\/li>\n\n\n\n<li class='active'><a>20930<\/a><\/li>\n\n\n\n<li><a href='?page_no=20931'>20931<\/a><\/li>\n\n\n\n<li><a href='?page_no=20932'>20932<\/a><\/li>\n\n\n\n<li><a>...<\/a><\/li>\n\n\n\n<li><a href='?page_no=22522'>22522<\/a><\/li>\n\n\n\n<li><a href='?page_no=22523'>22523<\/a><\/li>\n\n    \n\t\n\n<li >\n\t<a href='?page_no=20931'>Next<\/a>\n\t<\/li>\n\n\n    \n\n<li><a href='?page_no=22523'>Last &rsaquo;&rsaquo;<\/a><\/li>\n\n<\/ul>\n\n\n--><br \/>\n<\/body><\/p>\n","protected":false},"excerpt":{"rendered":"<p>Salvador del Solar, actor peruano que triunfa en las tablas&#13; &#13; El actor peruano Salvador del Solar, que se diera a conocer en el pa\u00eds por producciones como \u201cPobre Diabla\u201d y \u201cSinverguenza\u201d tom\u00f3 sus maletas y se traslad\u00f3 hacia Colombia donde las oportunidades de trabajo han sido excelentes, reconociendo el actor que se siente tan [&hellip;]<\/p>\n","protected":false},"author":3,"featured_media":0,"comment_status":"open","ping_status":"open","sticky":false,"template":"","format":"standard","meta":{"footnotes":""},"categories":[25],"tags":[],"class_list":["post-92308","post","type-post","status-publish","format-standard","hentry","category-gente"],"_links":{"self":[{"href":"https:\/\/diariodominicano.com\/index.php?rest_route=\/wp\/v2\/posts\/92308","targetHints":{"allow":["GET"]}}],"collection":[{"href":"https:\/\/diariodominicano.com\/index.php?rest_route=\/wp\/v2\/posts"}],"about":[{"href":"https:\/\/diariodominicano.com\/index.php?rest_route=\/wp\/v2\/types\/post"}],"author":[{"embeddable":true,"href":"https:\/\/diariodominicano.com\/index.php?rest_route=\/wp\/v2\/users\/3"}],"replies":[{"embeddable":true,"href":"https:\/\/diariodominicano.com\/index.php?rest_route=%2Fwp%2Fv2%2Fcomments&post=92308"}],"version-history":[{"count":0,"href":"https:\/\/diariodominicano.com\/index.php?rest_route=\/wp\/v2\/posts\/92308\/revisions"}],"wp:attachment":[{"href":"https:\/\/diariodominicano.com\/index.php?rest_route=%2Fwp%2Fv2%2Fmedia&parent=92308"}],"wp:term":[{"taxonomy":"category","embeddable":true,"href":"https:\/\/diariodominicano.com\/index.php?rest_route=%2Fwp%2Fv2%2Fcategories&post=92308"},{"taxonomy":"post_tag","embeddable":true,"href":"https:\/\/diariodominicano.com\/index.php?rest_route=%2Fwp%2Fv2%2Ftags&post=92308"}],"curies":[{"name":"wp","href":"https:\/\/api.w.org\/{rel}","templated":true}]}}