{"id":92307,"date":"2008-10-09T22:11:15","date_gmt":"2008-10-09T22:11:15","guid":{"rendered":"http:\/\/diariodominicano.ddns.net\/?p=92307"},"modified":"2008-10-09T22:11:15","modified_gmt":"2008-10-09T22:11:15","slug":"esta-semana-en-times-tv-3","status":"publish","type":"post","link":"https:\/\/diariodominicano.com\/?p=92307","title":{"rendered":"Esta semana en Times TV"},"content":{"rendered":"<p><body><\/p>\n<p align=\"justify\"><span class=\"titulogrande1\">Esta semana en Times TV<\/span><br \/>&#13;<br \/>\n    <br \/>&#13;<br \/>\n    <span class=\"text1noticias\"><img loading=\"lazy\" decoding=\"async\" src=\"http:\/\/localhost:8080\/gente\/img\/times tele.jpg\" width=\"375\" height=\"542\" hspace=\"4\" align=\"left\" \/>Hoy en Times TV les presentamos el behind de la sesi\u00f3n de fotos de nuestra  chica de portada La Reina Amelia Vega.<br \/>&#13;<br \/>\n    <br \/>&#13;<br \/>\n  Estuvimos en la rueda de prensa de Annie, una obra espectacular que ya esta en  cartelera en nuestra ciudad, y les presentamos todos los detalles.<br \/>&#13;<br \/>\n  <br \/>&#13;<br \/>\n  Adem\u00e1s el caza talentos Sandro Guzm\u00e1n, nos habla del boom de las modelos  dominicanas a nivel internacional.<br \/>&#13;<br \/>\n  <br \/>&#13;<br \/>\n  La joven dise\u00f1adora Yeirania Fr\u00edas nos cuenta como logr\u00f3 todo un sue\u00f1o  realidad.<br \/>&#13;<br \/>\n  <br \/>&#13;<br \/>\n  No se pueden perder la entrevista que le realizamos a la guapa conejita de  Playboy Kendra Wilkinson.<br \/>&#13;<br \/>\n  <br \/>&#13;<br \/>\n  Y en nuestro segmento Get in By Heineken los llevamos al nuevo restaurante La  Forchetta, que en tan poco tiempo se ha vuelto muy popular.<br \/>&#13;<br \/>\n  <br \/>&#13;<br \/>\nM\u00e1s diversi\u00f3n, m\u00e1s sociales, esta semana en Times TV. Los s\u00e1bados a las 9:00  p.m., por Telecentro Canal 13, y los domingos a la 1:30 p.m. por RNN Canal 27.<\/span><\/p>\n<p>&#13;<\/p>\n<h6> 2008-10-09 22:11:15 <\/h6>\n<p><!--\n<link rel=\"stylesheet\" href=\"css\/bootstrap.min.css\">\n\n\n<ul class=\"pagination\">\n\t    \n\t\n\n<li >\n\t<a href='?page_no=20928'>Previous<\/a>\n\t<\/li>\n\n\n       \n    \n\n<li><a href='?page_no=1'>1<\/a><\/li>\n\n\n\n<li><a href='?page_no=2'>2<\/a><\/li>\n\n\n\n<li><a>...<\/a><\/li>\n\n\n\n<li><a href='?page_no=20927'>20927<\/a><\/li>\n\n\n\n<li><a href='?page_no=20928'>20928<\/a><\/li>\n\n\n\n<li class='active'><a>20929<\/a><\/li>\n\n\n\n<li><a href='?page_no=20930'>20930<\/a><\/li>\n\n\n\n<li><a href='?page_no=20931'>20931<\/a><\/li>\n\n\n\n<li><a>...<\/a><\/li>\n\n\n\n<li><a href='?page_no=22522'>22522<\/a><\/li>\n\n\n\n<li><a href='?page_no=22523'>22523<\/a><\/li>\n\n    \n\t\n\n<li >\n\t<a href='?page_no=20930'>Next<\/a>\n\t<\/li>\n\n\n    \n\n<li><a href='?page_no=22523'>Last &rsaquo;&rsaquo;<\/a><\/li>\n\n<\/ul>\n\n\n--><br \/>\n<\/body><\/p>\n","protected":false},"excerpt":{"rendered":"<p>Esta semana en Times TV&#13; &#13; Hoy en Times TV les presentamos el behind de la sesi\u00f3n de fotos de nuestra chica de portada La Reina Amelia Vega.&#13; &#13; Estuvimos en la rueda de prensa de Annie, una obra espectacular que ya esta en cartelera en nuestra ciudad, y les presentamos todos los detalles.&#13; &#13; [&hellip;]<\/p>\n","protected":false},"author":3,"featured_media":0,"comment_status":"open","ping_status":"open","sticky":false,"template":"","format":"standard","meta":{"footnotes":""},"categories":[25],"tags":[],"class_list":["post-92307","post","type-post","status-publish","format-standard","hentry","category-gente"],"_links":{"self":[{"href":"https:\/\/diariodominicano.com\/index.php?rest_route=\/wp\/v2\/posts\/92307","targetHints":{"allow":["GET"]}}],"collection":[{"href":"https:\/\/diariodominicano.com\/index.php?rest_route=\/wp\/v2\/posts"}],"about":[{"href":"https:\/\/diariodominicano.com\/index.php?rest_route=\/wp\/v2\/types\/post"}],"author":[{"embeddable":true,"href":"https:\/\/diariodominicano.com\/index.php?rest_route=\/wp\/v2\/users\/3"}],"replies":[{"embeddable":true,"href":"https:\/\/diariodominicano.com\/index.php?rest_route=%2Fwp%2Fv2%2Fcomments&post=92307"}],"version-history":[{"count":0,"href":"https:\/\/diariodominicano.com\/index.php?rest_route=\/wp\/v2\/posts\/92307\/revisions"}],"wp:attachment":[{"href":"https:\/\/diariodominicano.com\/index.php?rest_route=%2Fwp%2Fv2%2Fmedia&parent=92307"}],"wp:term":[{"taxonomy":"category","embeddable":true,"href":"https:\/\/diariodominicano.com\/index.php?rest_route=%2Fwp%2Fv2%2Fcategories&post=92307"},{"taxonomy":"post_tag","embeddable":true,"href":"https:\/\/diariodominicano.com\/index.php?rest_route=%2Fwp%2Fv2%2Ftags&post=92307"}],"curies":[{"name":"wp","href":"https:\/\/api.w.org\/{rel}","templated":true}]}}