{"id":92306,"date":"2008-10-09T22:52:43","date_gmt":"2008-10-09T22:52:43","guid":{"rendered":"http:\/\/diariodominicano.ddns.net\/?p=92306"},"modified":"2008-10-09T22:52:43","modified_gmt":"2008-10-09T22:52:43","slug":"prensa-norteamericana-destaca-exitos-de-el-jeffrey","status":"publish","type":"post","link":"https:\/\/diariodominicano.com\/?p=92306","title":{"rendered":"Prensa norteamericana destaca \u00e9xitos de El Jeffrey"},"content":{"rendered":"<p><body><\/p>\n<p class=\"titulogrande1\">Prensa norteamericana destaca \u00e9xitos de  El Jeffrey<\/p>\n<p>&#13;<\/p>\n<p align=\"justify\" class=\"text1noticias\"><img loading=\"lazy\" decoding=\"async\" src=\"http:\/\/localhost:8080\/gente\/img\/jefri pic.jpg\" width=\"375\" height=\"200\" hspace=\"4\" align=\"left\" \/>Miami, FL,.- Una de las voces  m\u00e1s agudas del merengue dominicano de la actualidad, El Jeffrey, ha sido  protagonista de una gira monumental que lo ha llevado a realizar hasta la fecha  67 presentaciones en importantes destinos de Europa, Am\u00e9rica Latina y Estados  Unidos.<br \/>&#13;<br \/>\n  \u00a0<br \/>&#13;<br \/>\n  Con un carisma y talento fuera de serie, este  merenguero ha llevado la alegr\u00eda de su m\u00fasica a lo m\u00e1s ex\u00f3ticos rincones del  planeta, lo que lo ha convertido en un verdadero embajador de este ritmo  caribe\u00f1o.<br \/>&#13;<br \/>\n  \u00a0<br \/>&#13;<br \/>\n  El camino de este joven  int\u00e9rprete en el arte musical se inici\u00f3 en su adolescencia, destac\u00e1ndose en  peque\u00f1as orquestas hasta que fue descubierto por el maestro Ram\u00f3n Orlando,  quien lo contrat\u00f3 para formar parte de la agrupaci\u00f3n \u201cLa Artiller\u00eda\u201d, lo que  represent\u00f3 el paso definitivo para el despegue de su carrera.<br \/>&#13;<br \/>\n  \u00a0<br \/>&#13;<br \/>\n  Pero las ambiciones de este  novel cantante no se quedaron est\u00e1ticas, ya que emigra a la ciudad de Nueva  York, con el fin de obtener \u00e9xitos en nuevas fronteras.<br \/>&#13;<br \/>\n  \u00a0<br \/>&#13;<br \/>\n  El trabajo fue duro pero dio  sus resultados. En 1994 logra grabar su primer disco como solista titulado  \u201cPorque te siento aqu\u00ed\u201d, el cual fue dedicado al desaparecido cantante Jochy  Hern\u00e1ndez.<br \/>&#13;<br \/>\n  \u00a0<br \/>&#13;<br \/>\n  Sin embargo, es con el \u00e1lbum  \u201cMi Tierra\u201d que El Jeffrey obtiene gran reconocimiento nivel internacional,  adem\u00e1s el t\u00edtulo de esta producci\u00f3n fue muy apropiado, ya que esta le permiti\u00f3  volver de manera triunfal a la Rep\u00fablica Dominicana despu\u00e9s de 12 a\u00f1os de  ausencia.<br \/>&#13;<br \/>\n  \u00a0<br \/>&#13;<br \/>\n  \u201cMi Tierra\u201d obtuvo un premio  Casandra en el 2004, el galard\u00f3n m\u00e1s importante que se le otorga al arte  dominicano en la categor\u00eda de \u201cMejor Orquesta\u201d, tambi\u00e9n recibe el premio  \u201cGaviota\u201d en Panam\u00e1, Disco de Platino en Puerto Rico, entre otros  reconocimientos. En el 2005 graba el disco \u201cMi vida\u201d bajo el sello discogr\u00e1fico  Premium Latin Music.<br \/>&#13;<br \/>\n  \u00a0<br \/>&#13;<br \/>\n  En el 2008, esta vez como  parte del cat\u00e1logo de estrellas del sello discogr\u00e1fico Premium Latin Music,  obtiene su segundo \u201cPremio Casandra\u201d como \u201cMerengue del A\u00f1o\u201d por el tema \u201cVoy a  ser Grande\u201d.<br \/>&#13;<br \/>\n  \u00a0<br \/>&#13;<br \/>\n  El Jeffrey continuar\u00e1 con su  gira mundial hasta finales del presente a\u00f1o, para despu\u00e9s iniciar los  preparativos de lo que ser\u00e1 su nuevo disco. Esta semana el artista agotar\u00e1 una  serie apariciones en programas televisivos de Miami.<br \/>&#13;<br \/>\n  \u00a0<\/p>\n<p>&#13;<\/p>\n<h6> 2008-10-09 22:52:43 <\/h6>\n<p><!--\n<link rel=\"stylesheet\" href=\"css\/bootstrap.min.css\">\n\n\n<ul class=\"pagination\">\n\t    \n\t\n\n<li >\n\t<a href='?page_no=20927'>Previous<\/a>\n\t<\/li>\n\n\n       \n    \n\n<li><a href='?page_no=1'>1<\/a><\/li>\n\n\n\n<li><a href='?page_no=2'>2<\/a><\/li>\n\n\n\n<li><a>...<\/a><\/li>\n\n\n\n<li><a href='?page_no=20926'>20926<\/a><\/li>\n\n\n\n<li><a href='?page_no=20927'>20927<\/a><\/li>\n\n\n\n<li class='active'><a>20928<\/a><\/li>\n\n\n\n<li><a href='?page_no=20929'>20929<\/a><\/li>\n\n\n\n<li><a href='?page_no=20930'>20930<\/a><\/li>\n\n\n\n<li><a>...<\/a><\/li>\n\n\n\n<li><a href='?page_no=22522'>22522<\/a><\/li>\n\n\n\n<li><a href='?page_no=22523'>22523<\/a><\/li>\n\n    \n\t\n\n<li >\n\t<a href='?page_no=20929'>Next<\/a>\n\t<\/li>\n\n\n    \n\n<li><a href='?page_no=22523'>Last &rsaquo;&rsaquo;<\/a><\/li>\n\n<\/ul>\n\n\n--><br \/>\n<\/body><\/p>\n","protected":false},"excerpt":{"rendered":"<p>Prensa norteamericana destaca \u00e9xitos de El Jeffrey &#13; Miami, FL,.- Una de las voces m\u00e1s agudas del merengue dominicano de la actualidad, El Jeffrey, ha sido protagonista de una gira monumental que lo ha llevado a realizar hasta la fecha 67 presentaciones en importantes destinos de Europa, Am\u00e9rica Latina y Estados Unidos.&#13; \u00a0&#13; Con un [&hellip;]<\/p>\n","protected":false},"author":3,"featured_media":0,"comment_status":"open","ping_status":"open","sticky":false,"template":"","format":"standard","meta":{"footnotes":""},"categories":[25],"tags":[],"class_list":["post-92306","post","type-post","status-publish","format-standard","hentry","category-gente"],"_links":{"self":[{"href":"https:\/\/diariodominicano.com\/index.php?rest_route=\/wp\/v2\/posts\/92306","targetHints":{"allow":["GET"]}}],"collection":[{"href":"https:\/\/diariodominicano.com\/index.php?rest_route=\/wp\/v2\/posts"}],"about":[{"href":"https:\/\/diariodominicano.com\/index.php?rest_route=\/wp\/v2\/types\/post"}],"author":[{"embeddable":true,"href":"https:\/\/diariodominicano.com\/index.php?rest_route=\/wp\/v2\/users\/3"}],"replies":[{"embeddable":true,"href":"https:\/\/diariodominicano.com\/index.php?rest_route=%2Fwp%2Fv2%2Fcomments&post=92306"}],"version-history":[{"count":0,"href":"https:\/\/diariodominicano.com\/index.php?rest_route=\/wp\/v2\/posts\/92306\/revisions"}],"wp:attachment":[{"href":"https:\/\/diariodominicano.com\/index.php?rest_route=%2Fwp%2Fv2%2Fmedia&parent=92306"}],"wp:term":[{"taxonomy":"category","embeddable":true,"href":"https:\/\/diariodominicano.com\/index.php?rest_route=%2Fwp%2Fv2%2Fcategories&post=92306"},{"taxonomy":"post_tag","embeddable":true,"href":"https:\/\/diariodominicano.com\/index.php?rest_route=%2Fwp%2Fv2%2Ftags&post=92306"}],"curies":[{"name":"wp","href":"https:\/\/api.w.org\/{rel}","templated":true}]}}