{"id":92303,"date":"2008-10-10T14:47:56","date_gmt":"2008-10-10T14:47:56","guid":{"rendered":"http:\/\/diariodominicano.ddns.net\/?p=92303"},"modified":"2008-10-10T14:47:56","modified_gmt":"2008-10-10T14:47:56","slug":"camila-confirmado-para-los-50-anos-del-festival-de-vina-del-mar","status":"publish","type":"post","link":"https:\/\/diariodominicano.com\/?p=92303","title":{"rendered":"Camila confirmado para los 50 a\u00f1os del Festival de Vi\u00f1a del Mar"},"content":{"rendered":"<p><body><\/p>\n<p class=\"titulogrande1\">Camila  confirmado para los 50 a\u00f1os del Festival de Vi\u00f1a del Mar<\/p>\n<p>&#13;<\/p>\n<p align=\"justify\" class=\"text1noticias\"><img loading=\"lazy\" decoding=\"async\" src=\"http:\/\/localhost:8080\/gente\/img\/camila foto.jpg\" width=\"375\" height=\"273\" hspace=\"4\" align=\"left\" \/>Miami, FL, 9 de  octubre del 2008.- <strong>Camila<\/strong>, el grupo  mexicano del momento, ya forma parte de los 50 a\u00f1os del Festival de Vi\u00f1a del  Mar 2009. Con dos impresionantes actuaciones en Chile, vuelven a coronar el  fen\u00f3meno que iniciaron hace unos meses atr\u00e1s y que lo han instalado en las  preferencias del p\u00fablico.<br \/>&#13;<br \/>\n  <br \/>&#13;<br \/>\n  La \u00a0agrupaci\u00f3n  ya no se detiene. En dos a\u00f1os pas\u00f3 de buscar su lugar en la escena mexicana a  alcanzar el reconocimiento internacional. En una r\u00e1pida carrera, ha conquistado  Latinoam\u00e9rica, Centroam\u00e9rica, Estados Unidos y Espa\u00f1a.<br \/>&#13;<br \/>\n  <br \/>&#13;<br \/>\n  Su \u00e1lbum debut \u201cTodo Cambi\u00f3\u201d, que fue lanzado el 2006, se transform\u00f3 en el  boleto de entrada para el grupo que se posicion\u00f3 en los primeros lugares de los  rankings con cinco sencillos: Abr\u00e1zame, Coleccionista de Canciones, Todo  Cambi\u00f3, S\u00f3lo para Ti y Yo Quiero.<\/p>\n<p>&#13;<\/p>\n<p align=\"justify\" class=\"text1noticias\">Triple Platino en  Estados Unidos y M\u00e9xico; Oro en Colombia, Venezuela, Chile y Argentina; m\u00e1s de  790 mil ejemplares vendidos en todo el mundo, 100 semanas en las listas de  ventas mexicanas, dos premios Billboard Latino 2008, dos premios MTV y dos  Premios Lo Nuestro; m\u00e1s de 180 conciertos por todo el continente americano,  avalan que Camila se ha transformado en un fen\u00f3meno.<br \/>&#13;<br \/>\n  <br \/>&#13;<br \/>\n  Actualmente, la  banda se encuentra a d\u00edas de iniciar una gira por Espa\u00f1a con presentaciones en  Bilbao, Tenerife, Molina de Segura, Granada, Madrid, Barcelona y Valencia.<br \/>&#13;<br \/>\n  <br \/>&#13;<br \/>\n  Camila, que ha  situado su m\u00fasica en lo m\u00e1s alto, est\u00e1 liderado por <strong>Mario Domm<\/strong>, reconocido productor y compositor, impulsor de \u00e9xitos  para <strong>Kalimba<\/strong>, <strong>Reyli<\/strong>, <strong>Alejandra Guzm\u00e1n<\/strong>, <strong>Sin Bandera<\/strong>, entre otros; <strong>Pablo Hurtado<\/strong> (guitarra) y <strong>Samo<\/strong> (voz).<\/p>\n<p>&#13;<\/p>\n<h6> 2008-10-10 14:47:56 <\/h6>\n<p><!--\n<link rel=\"stylesheet\" href=\"css\/bootstrap.min.css\">\n\n\n<ul class=\"pagination\">\n\t    \n\t\n\n<li >\n\t<a href='?page_no=20924'>Previous<\/a>\n\t<\/li>\n\n\n       \n    \n\n<li><a href='?page_no=1'>1<\/a><\/li>\n\n\n\n<li><a href='?page_no=2'>2<\/a><\/li>\n\n\n\n<li><a>...<\/a><\/li>\n\n\n\n<li><a href='?page_no=20923'>20923<\/a><\/li>\n\n\n\n<li><a href='?page_no=20924'>20924<\/a><\/li>\n\n\n\n<li class='active'><a>20925<\/a><\/li>\n\n\n\n<li><a href='?page_no=20926'>20926<\/a><\/li>\n\n\n\n<li><a href='?page_no=20927'>20927<\/a><\/li>\n\n\n\n<li><a>...<\/a><\/li>\n\n\n\n<li><a href='?page_no=22522'>22522<\/a><\/li>\n\n\n\n<li><a href='?page_no=22523'>22523<\/a><\/li>\n\n    \n\t\n\n<li >\n\t<a href='?page_no=20926'>Next<\/a>\n\t<\/li>\n\n\n    \n\n<li><a href='?page_no=22523'>Last &rsaquo;&rsaquo;<\/a><\/li>\n\n<\/ul>\n\n\n--><br \/>\n<\/body><\/p>\n","protected":false},"excerpt":{"rendered":"<p>Camila confirmado para los 50 a\u00f1os del Festival de Vi\u00f1a del Mar &#13; Miami, FL, 9 de octubre del 2008.- Camila, el grupo mexicano del momento, ya forma parte de los 50 a\u00f1os del Festival de Vi\u00f1a del Mar 2009. Con dos impresionantes actuaciones en Chile, vuelven a coronar el fen\u00f3meno que iniciaron hace unos [&hellip;]<\/p>\n","protected":false},"author":3,"featured_media":0,"comment_status":"open","ping_status":"open","sticky":false,"template":"","format":"standard","meta":{"footnotes":""},"categories":[25],"tags":[],"class_list":["post-92303","post","type-post","status-publish","format-standard","hentry","category-gente"],"_links":{"self":[{"href":"https:\/\/diariodominicano.com\/index.php?rest_route=\/wp\/v2\/posts\/92303","targetHints":{"allow":["GET"]}}],"collection":[{"href":"https:\/\/diariodominicano.com\/index.php?rest_route=\/wp\/v2\/posts"}],"about":[{"href":"https:\/\/diariodominicano.com\/index.php?rest_route=\/wp\/v2\/types\/post"}],"author":[{"embeddable":true,"href":"https:\/\/diariodominicano.com\/index.php?rest_route=\/wp\/v2\/users\/3"}],"replies":[{"embeddable":true,"href":"https:\/\/diariodominicano.com\/index.php?rest_route=%2Fwp%2Fv2%2Fcomments&post=92303"}],"version-history":[{"count":0,"href":"https:\/\/diariodominicano.com\/index.php?rest_route=\/wp\/v2\/posts\/92303\/revisions"}],"wp:attachment":[{"href":"https:\/\/diariodominicano.com\/index.php?rest_route=%2Fwp%2Fv2%2Fmedia&parent=92303"}],"wp:term":[{"taxonomy":"category","embeddable":true,"href":"https:\/\/diariodominicano.com\/index.php?rest_route=%2Fwp%2Fv2%2Fcategories&post=92303"},{"taxonomy":"post_tag","embeddable":true,"href":"https:\/\/diariodominicano.com\/index.php?rest_route=%2Fwp%2Fv2%2Ftags&post=92303"}],"curies":[{"name":"wp","href":"https:\/\/api.w.org\/{rel}","templated":true}]}}