{"id":92301,"date":"2008-10-10T14:54:07","date_gmt":"2008-10-10T14:54:07","guid":{"rendered":"http:\/\/diariodominicano.ddns.net\/?p=92301"},"modified":"2008-10-10T14:54:07","modified_gmt":"2008-10-10T14:54:07","slug":"arturo-jordan-lider-de-nuestra-comunidad","status":"publish","type":"post","link":"https:\/\/diariodominicano.com\/?p=92301","title":{"rendered":"Arturo Jord\u00e1n l\u00edder de nuestra comunidad"},"content":{"rendered":"<p><body><\/p>\n<p class=\"titulogrande1\">Arturo  Jord\u00e1n l\u00edder de nuestra comunidad<\/p>\n<p>&#13;<\/p>\n<p align=\"justify\" class=\"text1noticias\"><img loading=\"lazy\" decoding=\"async\" src=\"http:\/\/localhost:8080\/gente\/img\/arturo jorda.jpg\" width=\"375\" height=\"284\" hspace=\"4\" align=\"left\" \/>Miami,  FL, 9 de octubre del 2008.- El empresario cubanoamericano <strong>Arturo Jord\u00e1n<\/strong>,  C.E.O. de \u201cJordan-Marcos, La Agencia\u201d y socio gerente de \u201cJordan Castell\u00f3n  Ricardo PL\u201d, ha sido electo miembro de la comisi\u00f3n del Miami-Dade American  Cancer Society, donde oficiar\u00e1 como embajador de la instituci\u00f3n ben\u00e9fica y  participar\u00e1 activamente de los planes de trabajo del pr\u00f3ximo a\u00f1o.<br \/>&#13;<br \/>\n  <br \/>&#13;<br \/>\n\u201cEste es  un compromiso que asumo con agradecimiento, ya que me permitir\u00e1 servir a la  comunidad de una manera directa\u201d, dijo Jord\u00e1n al aceptar este prestigioso  nombramiento.<br \/>&#13;<br \/>\n<br \/>&#13;<br \/>\nArturo  Jord\u00e1n ha participado activamente en causas civiles y comunitarias, como  miembro del panel de voluntarios de United Way y parte del comit\u00e9 de consejer\u00eda  en audiciones de la ciudad de Miami-Dade y el Kiwani\u2019s Club de Coral Gables.<br \/>&#13;<br \/>\n<br \/>&#13;<br \/>\nTambi\u00e9n  ha participado en el Consejo del Tesoro, una divisi\u00f3n del International  Business Council y como parte de la junta directiva de la C\u00e1mara de Comercio de  Miami. Es miembro de la Asociaci\u00f3n Latinoamericana de Contratistas y  Constructores (Latin Builders Association).<br \/>&#13;<br \/>\n<br \/>&#13;<br \/>\nJordan  es un contador p\u00fablico con m\u00e1s de 27 a\u00f1os de experiencia que lidera \u201cJordan  Castell\u00f3n Ricardo PL\u201d, una de las 20 firmas de contabilidad m\u00e1s importantes del  sur de la Florida. Adem\u00e1s dirige junto a <strong>Frankie Marcos<\/strong> y <strong>Mariori de Marcos<\/strong> a \u201cJordan-Marcos, La  Agencia\u201d, una empresa\u00a0 dedicada al manejo, representaci\u00f3n, contrataciones  y talento art\u00edstico.<br \/>&#13;<br \/>\n<br \/>&#13;<br \/>\nDesde su  incursi\u00f3n en la industria del entretenimiento, su talento ha permitido sumar  fondos para estas instituciones ben\u00e9ficas.<\/p>\n<p>&#13;<\/p>\n<h6> 2008-10-10 14:54:07 <\/h6>\n<p><!--\n<link rel=\"stylesheet\" href=\"css\/bootstrap.min.css\">\n\n\n<ul class=\"pagination\">\n\t    \n\t\n\n<li >\n\t<a href='?page_no=20922'>Previous<\/a>\n\t<\/li>\n\n\n       \n    \n\n<li><a href='?page_no=1'>1<\/a><\/li>\n\n\n\n<li><a href='?page_no=2'>2<\/a><\/li>\n\n\n\n<li><a>...<\/a><\/li>\n\n\n\n<li><a href='?page_no=20921'>20921<\/a><\/li>\n\n\n\n<li><a href='?page_no=20922'>20922<\/a><\/li>\n\n\n\n<li class='active'><a>20923<\/a><\/li>\n\n\n\n<li><a href='?page_no=20924'>20924<\/a><\/li>\n\n\n\n<li><a href='?page_no=20925'>20925<\/a><\/li>\n\n\n\n<li><a>...<\/a><\/li>\n\n\n\n<li><a href='?page_no=22522'>22522<\/a><\/li>\n\n\n\n<li><a href='?page_no=22523'>22523<\/a><\/li>\n\n    \n\t\n\n<li >\n\t<a href='?page_no=20924'>Next<\/a>\n\t<\/li>\n\n\n    \n\n<li><a href='?page_no=22523'>Last &rsaquo;&rsaquo;<\/a><\/li>\n\n<\/ul>\n\n\n--><br \/>\n<\/body><\/p>\n","protected":false},"excerpt":{"rendered":"<p>Arturo Jord\u00e1n l\u00edder de nuestra comunidad &#13; Miami, FL, 9 de octubre del 2008.- El empresario cubanoamericano Arturo Jord\u00e1n, C.E.O. de \u201cJordan-Marcos, La Agencia\u201d y socio gerente de \u201cJordan Castell\u00f3n Ricardo PL\u201d, ha sido electo miembro de la comisi\u00f3n del Miami-Dade American Cancer Society, donde oficiar\u00e1 como embajador de la instituci\u00f3n ben\u00e9fica y participar\u00e1 activamente [&hellip;]<\/p>\n","protected":false},"author":3,"featured_media":0,"comment_status":"open","ping_status":"open","sticky":false,"template":"","format":"standard","meta":{"footnotes":""},"categories":[25],"tags":[],"class_list":["post-92301","post","type-post","status-publish","format-standard","hentry","category-gente"],"_links":{"self":[{"href":"https:\/\/diariodominicano.com\/index.php?rest_route=\/wp\/v2\/posts\/92301","targetHints":{"allow":["GET"]}}],"collection":[{"href":"https:\/\/diariodominicano.com\/index.php?rest_route=\/wp\/v2\/posts"}],"about":[{"href":"https:\/\/diariodominicano.com\/index.php?rest_route=\/wp\/v2\/types\/post"}],"author":[{"embeddable":true,"href":"https:\/\/diariodominicano.com\/index.php?rest_route=\/wp\/v2\/users\/3"}],"replies":[{"embeddable":true,"href":"https:\/\/diariodominicano.com\/index.php?rest_route=%2Fwp%2Fv2%2Fcomments&post=92301"}],"version-history":[{"count":0,"href":"https:\/\/diariodominicano.com\/index.php?rest_route=\/wp\/v2\/posts\/92301\/revisions"}],"wp:attachment":[{"href":"https:\/\/diariodominicano.com\/index.php?rest_route=%2Fwp%2Fv2%2Fmedia&parent=92301"}],"wp:term":[{"taxonomy":"category","embeddable":true,"href":"https:\/\/diariodominicano.com\/index.php?rest_route=%2Fwp%2Fv2%2Fcategories&post=92301"},{"taxonomy":"post_tag","embeddable":true,"href":"https:\/\/diariodominicano.com\/index.php?rest_route=%2Fwp%2Fv2%2Ftags&post=92301"}],"curies":[{"name":"wp","href":"https:\/\/api.w.org\/{rel}","templated":true}]}}