{"id":92300,"date":"2008-10-13T16:03:16","date_gmt":"2008-10-13T16:03:16","guid":{"rendered":"http:\/\/diariodominicano.ddns.net\/?p=92300"},"modified":"2008-10-13T16:03:16","modified_gmt":"2008-10-13T16:03:16","slug":"no-contaban-con-su-astucia-el-chapulin-colorado-sera-pelicula-animada","status":"publish","type":"post","link":"https:\/\/diariodominicano.com\/?p=92300","title":{"rendered":"\u00a1No contaban con su astucia!: el Chapul\u00edn Colorado ser\u00e1 pel\u00edcula animada"},"content":{"rendered":"<p><body><\/p>\n<p align=\"justify\"><strong class=\"titulogrande1\">\u00a1No contaban con su astucia!: el Chapul\u00edn  Colorado ser\u00e1 pel\u00edcula animada<\/strong><br \/>&#13;<br \/>\n  <br \/>&#13;<br \/>\n    <span class=\"text1noticias\">El actor y guionista Roberto G\u00f3mez Bola\u00f1os, &#8216;Chespirito&#8217; no descarta que  sea su propia voz la de los di\u00e1logos del inolvidable superh\u00e9roe mexicano <br \/>&#13;<br \/>\n    <br \/>&#13;<br \/>\n    <strong>ELPA\u00cdS.com<\/strong> &#8211; Madrid &#8211; 13\/10\/2008 <\/span><\/p>\n<p>&#13;<\/p>\n<p align=\"justify\" class=\"text1noticias\"><img loading=\"lazy\" decoding=\"async\" src=\"http:\/\/localhost:8080\/gente\/img\/chapuli vuelve.jpg\" width=\"375\" height=\"510\" hspace=\"4\" align=\"left\" \/>A sus 79 a\u00f1os, <em>Chespirito<\/em> no ha tirado la toalla. Famoso alrededor del mundo por la creaci\u00f3n de los  entra\u00f1ables <em>Chavo del ocho<\/em> y <em>El Chapul\u00edn colorado<\/em>, una versi\u00f3n  c\u00f3mica, pobre y mexicana del t\u00edpico superh\u00e9roe americano, Roberto G\u00f3mez Bola\u00f1os  sigue en marcha y ha hablado de sus pr\u00f3ximos proyectos: entre ellos, una  pel\u00edcula del <em>Chapul\u00edn<\/em>.<br \/>&#13;<br \/>\n  <br \/>&#13;<br \/>\n  Seg\u00fan publica el peri\u00f3dico  mexicano <em>El Universal<\/em>, el actor asisti\u00f3 el viernes a la inauguraci\u00f3n de  una exposici\u00f3n de la Fundaci\u00f3n Chespirito que, junto a su mujer, la actriz  Florinda Meza (Do\u00f1a Florinda, en <em>El Chavo del ocho<\/em>) dirige desde  principios de este a\u00f1o y que est\u00e1 dedicada a la ayuda de ni\u00f1os y j\u00f3venes de  escasos recursos. En la ocasi\u00f3n, G\u00f3mez Bola\u00f1os compar\u00f3 la pr\u00f3xima pel\u00edcula  animada del <em>Chapul\u00edn<\/em> con el exitoso filme <em>Shrek<\/em>, apuntando que  esa ser\u00eda la t\u00e9cnica digital que se utilizar\u00e1 para producirla.<br \/>&#13;<br \/>\n  <br \/>&#13;<br \/>\n  Al ser preguntado acerca de si  cree que una pel\u00edcula de uno de sus personajes mundialmente famosos ser\u00eda su  obra cumbre, el actor lo neg\u00f3, aduciendo que su m\u00e1ximo logro ha sido vivir.  \u00abNo hay lugares cumbres, pero la gente me ha tratado maravillosamente, por  lo que seguir\u00e9 escribiendo durante toda mi vida\u00bb.<br \/>&#13;<br \/>\n  <br \/>&#13;<br \/>\n  Por otra parte, G\u00f3mez Bola\u00f1os  cont\u00f3 que le han ofrecido durante su carrera poner la voz para importantes  personajes animados, pero hasta ahora no le ha interesado. Sobre este mismo  tema, dijo que estaba en plena b\u00fasqueda de qui\u00e9n ser\u00e1 el actor que preste su  voz para el protagonista de la cinta, el inolvidable <em>Chapul\u00edn<\/em>, ya que \u00e9l  se encuentra enfermo de un o\u00eddo y la garganta. Sin embargo, asegur\u00f3 que, si el  proceso de casting no tiene \u00e9xito, esto no ser\u00e1 un impedimento para volver a  encarnar al h\u00e9roe mexicano por \u00faltima vez, aunque sea s\u00f3lo en el sonido de sus  di\u00e1logos.<br \/>&#13;<br \/>\n  <br \/>&#13;<br \/>\n  Las series <em>El Chapul\u00edn Colorado<\/em> y <em>El Chavo del Ocho<\/em>, que fueron producidas, dirigidas y protagonizadas  por G\u00f3mez Bola\u00f1os, se siguen difundiendo en M\u00e9xico y en Am\u00e9rica Latina desde  hace m\u00e1s de 30 a\u00f1os.<\/p>\n<p>&#13;<\/p>\n<h6> 2008-10-13 16:03:16 <\/h6>\n<p><!--\n<link rel=\"stylesheet\" href=\"css\/bootstrap.min.css\">\n\n\n<ul class=\"pagination\">\n\t    \n\t\n\n<li >\n\t<a href='?page_no=20921'>Previous<\/a>\n\t<\/li>\n\n\n       \n    \n\n<li><a href='?page_no=1'>1<\/a><\/li>\n\n\n\n<li><a href='?page_no=2'>2<\/a><\/li>\n\n\n\n<li><a>...<\/a><\/li>\n\n\n\n<li><a href='?page_no=20920'>20920<\/a><\/li>\n\n\n\n<li><a href='?page_no=20921'>20921<\/a><\/li>\n\n\n\n<li class='active'><a>20922<\/a><\/li>\n\n\n\n<li><a href='?page_no=20923'>20923<\/a><\/li>\n\n\n\n<li><a href='?page_no=20924'>20924<\/a><\/li>\n\n\n\n<li><a>...<\/a><\/li>\n\n\n\n<li><a href='?page_no=22522'>22522<\/a><\/li>\n\n\n\n<li><a href='?page_no=22523'>22523<\/a><\/li>\n\n    \n\t\n\n<li >\n\t<a href='?page_no=20923'>Next<\/a>\n\t<\/li>\n\n\n    \n\n<li><a href='?page_no=22523'>Last &rsaquo;&rsaquo;<\/a><\/li>\n\n<\/ul>\n\n\n--><br \/>\n<\/body><\/p>\n","protected":false},"excerpt":{"rendered":"<p>\u00a1No contaban con su astucia!: el Chapul\u00edn Colorado ser\u00e1 pel\u00edcula animada&#13; &#13; El actor y guionista Roberto G\u00f3mez Bola\u00f1os, &#8216;Chespirito&#8217; no descarta que sea su propia voz la de los di\u00e1logos del inolvidable superh\u00e9roe mexicano &#13; &#13; ELPA\u00cdS.com &#8211; Madrid &#8211; 13\/10\/2008 &#13; A sus 79 a\u00f1os, Chespirito no ha tirado la toalla. Famoso alrededor [&hellip;]<\/p>\n","protected":false},"author":3,"featured_media":0,"comment_status":"open","ping_status":"open","sticky":false,"template":"","format":"standard","meta":{"footnotes":""},"categories":[25],"tags":[],"class_list":["post-92300","post","type-post","status-publish","format-standard","hentry","category-gente"],"_links":{"self":[{"href":"https:\/\/diariodominicano.com\/index.php?rest_route=\/wp\/v2\/posts\/92300","targetHints":{"allow":["GET"]}}],"collection":[{"href":"https:\/\/diariodominicano.com\/index.php?rest_route=\/wp\/v2\/posts"}],"about":[{"href":"https:\/\/diariodominicano.com\/index.php?rest_route=\/wp\/v2\/types\/post"}],"author":[{"embeddable":true,"href":"https:\/\/diariodominicano.com\/index.php?rest_route=\/wp\/v2\/users\/3"}],"replies":[{"embeddable":true,"href":"https:\/\/diariodominicano.com\/index.php?rest_route=%2Fwp%2Fv2%2Fcomments&post=92300"}],"version-history":[{"count":0,"href":"https:\/\/diariodominicano.com\/index.php?rest_route=\/wp\/v2\/posts\/92300\/revisions"}],"wp:attachment":[{"href":"https:\/\/diariodominicano.com\/index.php?rest_route=%2Fwp%2Fv2%2Fmedia&parent=92300"}],"wp:term":[{"taxonomy":"category","embeddable":true,"href":"https:\/\/diariodominicano.com\/index.php?rest_route=%2Fwp%2Fv2%2Fcategories&post=92300"},{"taxonomy":"post_tag","embeddable":true,"href":"https:\/\/diariodominicano.com\/index.php?rest_route=%2Fwp%2Fv2%2Ftags&post=92300"}],"curies":[{"name":"wp","href":"https:\/\/api.w.org\/{rel}","templated":true}]}}