{"id":92298,"date":"2008-10-13T18:23:14","date_gmt":"2008-10-13T18:23:14","guid":{"rendered":"http:\/\/diariodominicano.ddns.net\/?p=92298"},"modified":"2008-10-13T18:23:14","modified_gmt":"2008-10-13T18:23:14","slug":"santi-clo-llega-a-las-salas-de-cine-de-la-republica-dominicana","status":"publish","type":"post","link":"https:\/\/diariodominicano.com\/?p=92298","title":{"rendered":"Santi Cl\u00f3 llega a las salas de cine de la Rep\u00fablica Dominicana"},"content":{"rendered":"<p><body><\/p>\n<p class=\"titulogrande1\">Santi Cl\u00f3 llega a  las salas de cine de la Rep\u00fablica Dominicana<\/p>\n<p>&#13;<\/p>\n<p align=\"justify\" class=\"text1noticias\"><img loading=\"lazy\" decoding=\"async\" src=\"http:\/\/localhost:8080\/gente\/img\/santi clo.jpg\" width=\"375\" height=\"235\" hspace=\"4\" align=\"left\" \/>Miami, FL, 13 de  octubre del 2008.- Ya inici\u00f3 la cuenta regresiva para el estreno de <strong>Santi Cl\u00f3<\/strong>, la nueva propuesta  cinematogr\u00e1fica de Premium Latin Films, que se proyectar\u00e1 en las principales  salas de cine de Rep\u00fablica Dominicana a partir del pr\u00f3ximo 13 de noviembre.<br \/>&#13;<br \/>\n  <br \/>&#13;<br \/>\n  El anuncio se  realiz\u00f3 en una rueda de prensa que se llev\u00f3 a cabo en el restaurante Hard Rock  Caf\u00e9, en Santo Domingo capital de la Rep\u00fablica Dominicana, donde estuvieron  presentes gran parte del elenco de este filme, su director <strong>Jos\u00e9 Enrique Pintor \u201cPinky\u201d,<\/strong> el presidente de Premium Latin Films, <strong>Franklin Romero<\/strong> y el productor  ejecutivo <strong>Rafael Garc\u00eda<\/strong>.<br \/>&#13;<br \/>\n  <br \/>&#13;<br \/>\n  Santi Cl\u00f3, la cual  se convertir\u00e1 en la primera pel\u00edcula dominicana en ser escenificada en un  ambiente navide\u00f1o, trata la historia alrededor del personaje de \u2018<strong>Nicol\u00e1s\u2019<\/strong>, encarnado por el actor <strong>Aquiles Correa<\/strong>, un joven desempleado  que deber\u00e1 buscar el sustento de su familia durante las fiestas de fin de a\u00f1o,  contando con la ayuda de \u2018<strong>Antonio\u2019<\/strong>,  e interpretado por <strong>Manolo Ozuna<\/strong>, su  amigo de toda la vida.<br \/>&#13;<br \/>\n  <br \/>&#13;<br \/>\n  \u201cLa navidad  dominicana ya tiene un espacio en la pantalla grande. El p\u00fablico podr\u00e1 sentirse  orgulloso del trabajo logrado por un gran equipo de personas. Es nuestro  compromiso con el arte y el cine de nuestro pa\u00eds, responsabilidad que tenemos  con la calidad, con las historias de nuestro pueblo, con su sentir, y con  nuestros artistas\u00bb, declar\u00f3 Franklin Romero.<br \/>&#13;<br \/>\n  <br \/>&#13;<br \/>\n  La m\u00fasica ser\u00e1 otro  elemento de lujo de este filme, ya que cont\u00f3 con la direcci\u00f3n musical del  reconocido m\u00fasico dominicano <strong>Pachy  Carrasco<\/strong>, con temas de <strong>Chuqui Acosta<\/strong>,  ex l\u00edder del afamado grupo merenguero <strong>Conjunto  Quisqueya<\/strong>, y <strong>Frank\u00a0 Cruz.<\/strong><br \/>&#13;<br \/>\n  <br \/>&#13;<br \/>\n  Asimismo, se  escuchar\u00e1n dos composiciones originales realizadas por el nuevo fen\u00f3meno del  pop latinoamericano, <strong>Wason Brazob\u00e1n<\/strong>,  y una interpretaci\u00f3n de la mejor banda de bachata de todos los tiempos, <strong>Aventura<\/strong>.<br \/>&#13;<br \/>\n  <br \/>&#13;<br \/>\n  Finalmente, el  equipo t\u00e9cnico de esta pel\u00edcula estuvo conformado por\u00a0 <strong>Milbert  P\u00e9rez<\/strong> en la producci\u00f3n general; <strong>El\u00edas  Acosta<\/strong> en la direcci\u00f3n de fotograf\u00eda, y <strong>\u00c1ngel Dotel<\/strong> como director de arte.<br \/>&#13;<br \/>\n  <br \/>&#13;<br \/>\n  Adem\u00e1s de la  Rep\u00fablica Dominicana, \u201cSanti Cl\u00f3\u201d, el filme, estar\u00e1 de gira por las principales  ciudades de los Estados Unidos y Puerto Rico.<\/p>\n<p>&#13;<\/p>\n<h6> 2008-10-13 18:23:14 <\/h6>\n<p><!--\n<link rel=\"stylesheet\" href=\"css\/bootstrap.min.css\">\n\n\n<ul class=\"pagination\">\n\t    \n\t\n\n<li >\n\t<a href='?page_no=20919'>Previous<\/a>\n\t<\/li>\n\n\n       \n    \n\n<li><a href='?page_no=1'>1<\/a><\/li>\n\n\n\n<li><a href='?page_no=2'>2<\/a><\/li>\n\n\n\n<li><a>...<\/a><\/li>\n\n\n\n<li><a href='?page_no=20918'>20918<\/a><\/li>\n\n\n\n<li><a href='?page_no=20919'>20919<\/a><\/li>\n\n\n\n<li class='active'><a>20920<\/a><\/li>\n\n\n\n<li><a href='?page_no=20921'>20921<\/a><\/li>\n\n\n\n<li><a href='?page_no=20922'>20922<\/a><\/li>\n\n\n\n<li><a>...<\/a><\/li>\n\n\n\n<li><a href='?page_no=22522'>22522<\/a><\/li>\n\n\n\n<li><a href='?page_no=22523'>22523<\/a><\/li>\n\n    \n\t\n\n<li >\n\t<a href='?page_no=20921'>Next<\/a>\n\t<\/li>\n\n\n    \n\n<li><a href='?page_no=22523'>Last &rsaquo;&rsaquo;<\/a><\/li>\n\n<\/ul>\n\n\n--><br \/>\n<\/body><\/p>\n","protected":false},"excerpt":{"rendered":"<p>Santi Cl\u00f3 llega a las salas de cine de la Rep\u00fablica Dominicana &#13; Miami, FL, 13 de octubre del 2008.- Ya inici\u00f3 la cuenta regresiva para el estreno de Santi Cl\u00f3, la nueva propuesta cinematogr\u00e1fica de Premium Latin Films, que se proyectar\u00e1 en las principales salas de cine de Rep\u00fablica Dominicana a partir del pr\u00f3ximo [&hellip;]<\/p>\n","protected":false},"author":3,"featured_media":0,"comment_status":"open","ping_status":"open","sticky":false,"template":"","format":"standard","meta":{"footnotes":""},"categories":[25],"tags":[],"class_list":["post-92298","post","type-post","status-publish","format-standard","hentry","category-gente"],"_links":{"self":[{"href":"https:\/\/diariodominicano.com\/index.php?rest_route=\/wp\/v2\/posts\/92298","targetHints":{"allow":["GET"]}}],"collection":[{"href":"https:\/\/diariodominicano.com\/index.php?rest_route=\/wp\/v2\/posts"}],"about":[{"href":"https:\/\/diariodominicano.com\/index.php?rest_route=\/wp\/v2\/types\/post"}],"author":[{"embeddable":true,"href":"https:\/\/diariodominicano.com\/index.php?rest_route=\/wp\/v2\/users\/3"}],"replies":[{"embeddable":true,"href":"https:\/\/diariodominicano.com\/index.php?rest_route=%2Fwp%2Fv2%2Fcomments&post=92298"}],"version-history":[{"count":0,"href":"https:\/\/diariodominicano.com\/index.php?rest_route=\/wp\/v2\/posts\/92298\/revisions"}],"wp:attachment":[{"href":"https:\/\/diariodominicano.com\/index.php?rest_route=%2Fwp%2Fv2%2Fmedia&parent=92298"}],"wp:term":[{"taxonomy":"category","embeddable":true,"href":"https:\/\/diariodominicano.com\/index.php?rest_route=%2Fwp%2Fv2%2Fcategories&post=92298"},{"taxonomy":"post_tag","embeddable":true,"href":"https:\/\/diariodominicano.com\/index.php?rest_route=%2Fwp%2Fv2%2Ftags&post=92298"}],"curies":[{"name":"wp","href":"https:\/\/api.w.org\/{rel}","templated":true}]}}