{"id":92296,"date":"2008-10-13T20:07:17","date_gmt":"2008-10-13T20:07:17","guid":{"rendered":"http:\/\/diariodominicano.ddns.net\/?p=92296"},"modified":"2008-10-13T20:07:17","modified_gmt":"2008-10-13T20:07:17","slug":"el-torito-es-profeta-en-su-tierra-lo-demuestra-con-serie-48","status":"publish","type":"post","link":"https:\/\/diariodominicano.com\/?p=92296","title":{"rendered":"El Torito es profeta en su tierra, lo demuestra con \u201cSerie 48\u201d"},"content":{"rendered":"<p><body><\/p>\n<p class=\"titulogrande1\">El Torito es profeta en su tierra, lo  demuestra con \u201cSerie 48\u201d<\/p>\n<p>&#13;<\/p>\n<p align=\"justify\" class=\"text1noticias\"><img loading=\"lazy\" decoding=\"async\" src=\"http:\/\/localhost:8080\/gente\/img\/hetor acosta.jpg\" width=\"375\" height=\"249\" hspace=\"4\" align=\"left\" \/>H\u00e9ctor Acosta \u201cEl Torito\u201d demostr\u00f3 ser  profeta en su tierra cuando miles de admiradores le tributaron ovaciones en su  natal Bonao durante el concierto \u201cSerie 48\u201d que con producci\u00f3n de Luis Medrano  protagoniz\u00f3 este domingo a todo lo largo y ancho de la avenida Libertad, la  principal v\u00eda urbana de la ciudad, pero  que result\u00f3 peque\u00f1a ante la gran cantidad de gente que se dio cita. <br \/>&#13;<br \/>\n  <br \/>&#13;<br \/>\n  En la ocasi\u00f3n el merenguero recibi\u00f3 varios  reconocimientos por su trayectoria, entre ellos los que provinieron del  gobernador provincial Ignacio Garc\u00eda y el dirigente peledeista Quico Sang.<br \/>&#13;<br \/>\n  <br \/>&#13;<br \/>\n  El mismo gesto tuvo el propio cantante  cuando le tribut\u00f3 un homenaje a su \u201ccompueblano\u201d, el maestro del pincel Candido  Bid\u00f3, a quien entreg\u00f3 una placa de reconocimiento por su rutilante carrera en  la pl\u00e1stica dominicana y por representar al igual \u00e9l muy bien a Bonao.<br \/>&#13;<br \/>\n  <br \/>&#13;<br \/>\n  La animaci\u00f3n del concierto estuvo a  cargo de Santiago \u2013Pito-Acevedo, Reynaldo S\u00e1nchez y Nelson Javier \u201cEl  Cocodrilo\u201d.<br \/>&#13;<br \/>\n  <br \/>&#13;<br \/>\n  Con merengue, bachata, efectos  pirot\u00e9cnicos y bailarines, durante m\u00e1s de dos horas \u201cEl Torito\u201d realiz\u00f3 un  repaso por sus \u00e9xitos, entre ellos uno de los que fue muy celebrado como el  tema cristiano \u201cPaz en la tormenta\u201d, en el que fue acompa\u00f1ado por un coro de  exquisitas voces. <br \/>&#13;<br \/>\n  <br \/>&#13;<br \/>\n  \u201cPara mi es un sue\u00f1o de toda la vida  poder organizarle a mi pueblo un evento donde pude cantarle a mi gente, en un  lugar bien amplio y creo que Dios me lo esta concedi\u00f3\u201d, dijo el cantante  visiblemente emocionado tras entrar a escena, hincarse, saludar a sus  seguidores y recibir ensordecedores aplausos.<br \/>&#13;<br \/>\n  <br \/>&#13;<br \/>\n  Y Dios muy bien bendijo la noche. A  pesar de que en horas de la tarde el ambiente amenazaba con una pertinaz  lluvia, el cielo lucio radiante como dando la aprobaci\u00f3n para el artista y su  p\u00fablico marcaran la ruta para un estallido de emociones.<br \/>&#13;<br \/>\n  <br \/>&#13;<br \/>\n  Una entrada espont\u00e1nea fue la del  popular rapero dominicano \u201cEl L\u00e1piz\u201d quien junto a \u201cEl Torito\u201d improvis\u00f3 \u00a0algunos de los estribillos de conocidas  canciones del merenguero.<\/p>\n<p>&#13;<\/p>\n<h6> 2008-10-13 20:07:17 <\/h6>\n<p><!--\n<link rel=\"stylesheet\" href=\"css\/bootstrap.min.css\">\n\n\n<ul class=\"pagination\">\n\t    \n\t\n\n<li >\n\t<a href='?page_no=20917'>Previous<\/a>\n\t<\/li>\n\n\n       \n    \n\n<li><a href='?page_no=1'>1<\/a><\/li>\n\n\n\n<li><a href='?page_no=2'>2<\/a><\/li>\n\n\n\n<li><a>...<\/a><\/li>\n\n\n\n<li><a href='?page_no=20916'>20916<\/a><\/li>\n\n\n\n<li><a href='?page_no=20917'>20917<\/a><\/li>\n\n\n\n<li class='active'><a>20918<\/a><\/li>\n\n\n\n<li><a href='?page_no=20919'>20919<\/a><\/li>\n\n\n\n<li><a href='?page_no=20920'>20920<\/a><\/li>\n\n\n\n<li><a>...<\/a><\/li>\n\n\n\n<li><a href='?page_no=22522'>22522<\/a><\/li>\n\n\n\n<li><a href='?page_no=22523'>22523<\/a><\/li>\n\n    \n\t\n\n<li >\n\t<a href='?page_no=20919'>Next<\/a>\n\t<\/li>\n\n\n    \n\n<li><a href='?page_no=22523'>Last &rsaquo;&rsaquo;<\/a><\/li>\n\n<\/ul>\n\n\n--><br \/>\n<\/body><\/p>\n","protected":false},"excerpt":{"rendered":"<p>El Torito es profeta en su tierra, lo demuestra con \u201cSerie 48\u201d &#13; H\u00e9ctor Acosta \u201cEl Torito\u201d demostr\u00f3 ser profeta en su tierra cuando miles de admiradores le tributaron ovaciones en su natal Bonao durante el concierto \u201cSerie 48\u201d que con producci\u00f3n de Luis Medrano protagoniz\u00f3 este domingo a todo lo largo y ancho de [&hellip;]<\/p>\n","protected":false},"author":3,"featured_media":0,"comment_status":"open","ping_status":"open","sticky":false,"template":"","format":"standard","meta":{"footnotes":""},"categories":[25],"tags":[],"class_list":["post-92296","post","type-post","status-publish","format-standard","hentry","category-gente"],"_links":{"self":[{"href":"https:\/\/diariodominicano.com\/index.php?rest_route=\/wp\/v2\/posts\/92296","targetHints":{"allow":["GET"]}}],"collection":[{"href":"https:\/\/diariodominicano.com\/index.php?rest_route=\/wp\/v2\/posts"}],"about":[{"href":"https:\/\/diariodominicano.com\/index.php?rest_route=\/wp\/v2\/types\/post"}],"author":[{"embeddable":true,"href":"https:\/\/diariodominicano.com\/index.php?rest_route=\/wp\/v2\/users\/3"}],"replies":[{"embeddable":true,"href":"https:\/\/diariodominicano.com\/index.php?rest_route=%2Fwp%2Fv2%2Fcomments&post=92296"}],"version-history":[{"count":0,"href":"https:\/\/diariodominicano.com\/index.php?rest_route=\/wp\/v2\/posts\/92296\/revisions"}],"wp:attachment":[{"href":"https:\/\/diariodominicano.com\/index.php?rest_route=%2Fwp%2Fv2%2Fmedia&parent=92296"}],"wp:term":[{"taxonomy":"category","embeddable":true,"href":"https:\/\/diariodominicano.com\/index.php?rest_route=%2Fwp%2Fv2%2Fcategories&post=92296"},{"taxonomy":"post_tag","embeddable":true,"href":"https:\/\/diariodominicano.com\/index.php?rest_route=%2Fwp%2Fv2%2Ftags&post=92296"}],"curies":[{"name":"wp","href":"https:\/\/api.w.org\/{rel}","templated":true}]}}