{"id":92295,"date":"2008-10-13T20:21:08","date_gmt":"2008-10-13T20:21:08","guid":{"rendered":"http:\/\/diariodominicano.ddns.net\/?p=92295"},"modified":"2008-10-13T20:21:08","modified_gmt":"2008-10-13T20:21:08","slug":"diana-gonzalez-flores-miss-republica-dominicana-tierra-2008","status":"publish","type":"post","link":"https:\/\/diariodominicano.com\/?p=92295","title":{"rendered":"DIANA GONZ\u00c0LEZ FLORES, MISS REP\u00d9BLICA DOMINICANA TIERRA 2008"},"content":{"rendered":"<p><body><\/p>\n<p><span class=\"titulogrande1\">DIANA GONZ\u00c0LEZ  FLORES, MISS REP\u00d9BLICA DOMINICANA TIERRA 2008<\/span><br \/>&#13;<br \/>\n  <br \/>&#13;<br \/>\nREPRESENTAR\u00c0 NUESTRO PA\u00ccS CONCURSO  INTERNACIONAL FILIPINAS<\/p>\n<p>&#13;<\/p>\n<p align=\"justify\" class=\"text1noticias\"><em>\u201cLa  beldad dominicana estar\u00e1 participando junto a un grupo de otras representantes  de m\u00e1s de 95 pa\u00edses en la   Ciudad de Manila, Filipinas el pr\u00f3ximo 10 de noviembre\u201d.<\/em><\/p>\n<p>&#13;<\/p>\n<p align=\"justify\" class=\"text1noticias\"><strong><img loading=\"lazy\" decoding=\"async\" src=\"http:\/\/localhost:8080\/gente\/img\/belle fotos.jpg\" width=\"375\" height=\"2462\" hspace=\"4\" align=\"left\" \/>SANTO DOMINGO<\/strong>.-La  beldad criolla, Diana Flores, anunci\u00f3 hoy que representar\u00e1 a la Rep\u00fablica Dominicana  el pr\u00f3ximo 10 de noviembre en la ciudad de Manila, Filipinas, en el concurso  \u201cMiss earth Internacional en el que tambi\u00e9n participar\u00e1n representantes\u00a0 de m\u00e1s de 95 pa\u00edses. <\/p>\n<p>&#13;<\/p>\n<p align=\"justify\" class=\"text1noticias\">Adem\u00e1s, desde  este octubre y hasta noviembre, Diana Flores, estar\u00e1 representando nuestra  naci\u00f3n en Ecuador, M\u00e9xico, Guatemala, Espa\u00f1a, Puerto Rico, Honduras y Estados  Unidos como pa\u00eds invitado de honor.<\/p>\n<p>&#13;<\/p>\n<p align=\"justify\" class=\"text1noticias\">La belleza  dominicana fue electa como \u201cMiss Rep\u00fablica Dominicana Tierra 2008\u201d, durante el certamen  que lleva este nombre y que esta vez fue dedicado a la preservaci\u00f3n del Medio  Ambiente y el Eco Turismo, tanto en nuestro pa\u00eds como a nivel mundial, bajo el  lema \u201cSalvemos Nuestro Planeta\u201d.<\/p>\n<p>&#13;<\/p>\n<p align=\"justify\" class=\"text1noticias\">En este  sentido, ya la reina dominicana estuvo participando hace poco en una jornada de  limpieza que se realiz\u00f3 en el Parque de la Av. Venezuela en la Zona Oriental con el objetivo  de concienciar a la humanidad en aras de que las generaciones venideras puedan  disfrutar de una naturaleza sana que nuestro Se\u00f1or creador nos brinda a todos.<\/p>\n<p>&#13;<\/p>\n<p align=\"justify\" class=\"text1noticias\">En dicha  jornada de limpieza se hizo acompa\u00f1ar del s\u00edndico de la Zona Oriental, Juan de los  Santos, del director del Medio Ambiente de Santo Domingo Este, Carlos G\u00f3mez,  del licenciado Rafael Montero, de estudiantes del Colegio San Francisco de As\u00eds  y de los modelos de la Escuela  de Juan Rojas.<\/p>\n<p>&#13;<\/p>\n<p align=\"justify\" class=\"text1noticias\"> Refiri\u00e9ndose  al tema, durante la rueda de prensa que ofreci\u00f3 a las 6 de la tarde en el  prestigioso restaurant Vizcaya\u00a0 de la    Av. San Mart\u00edn agreg\u00f3 \u201cpor tal raz\u00f3n\u00a0 debemos proteger y valorar el entorno en el  cual nos desarrollamos para tener un mundo menos contaminado el cual s\u00f3lo se  logra con la ayuda de todos los ciudadanos\u201d.<\/p>\n<p>&#13;<\/p>\n<p align=\"justify\" class=\"text1noticias\">Otras  actividades que Diana Gonz\u00e1lez Flores ha realizado en lo que lleva de su  reinado han sido: un eco-feria en protecci\u00f3n de la reserva cient\u00edfica Loma  Quita Espuela. Tambi\u00e9n particip\u00f3 en una caminata por la paz y la preservaci\u00f3n  del Medio Ambiente.<\/p>\n<p>&#13;<\/p>\n<p align=\"justify\" class=\"text1noticias\">Asimismo, ha  grabado capsulas ambientales y ha ofrecido charlas en diferentes centros  educativos en pro-al Medio Ambiente.<\/p>\n<p>&#13;<\/p>\n<p align=\"justify\" class=\"text1noticias\">En la rueda de  prensa le acompa\u00f1aron en la mesa de honor los se\u00f1ores Carlos G\u00f3mez, director de  Medio Ambiente y el ingeniero Rafael Montero; la reconocida comunicadora Idelsa  N\u00fa\u00f1ez, su encargado de imagen Paula Soto y Juan Rojas de la Escuela Modelo que organiz\u00f3 el  certamen en el cual result\u00f3 triunfadora.<\/p>\n<p>&#13;<\/p>\n<p align=\"justify\" class=\"text1noticias\">DATOS  BIOGR\u00c0FICOS DE DIANA FLORES<\/p>\n<p>&#13;<\/p>\n<p align=\"justify\" class=\"text1noticias\">Naci\u00f3 en los  Estados Unidos, el 26 de agosto del 1990. Desde muy ni\u00f1a vivi\u00f3 en la Rep\u00fablica Dominicana  obteniendo la nacionalidad Dominicana. Hija de los esposos, licenciado Juan  Lu\u00eds Gonz\u00e1lez R., y de la se\u00f1ora Lidia Altagracia Flores de Gonz\u00e1lez, residente  actualmente en Santo Domingo.<\/p>\n<p>&#13;<\/p>\n<p align=\"justify\" class=\"text1noticias\"> Desarroll\u00f3 sus  estudios primarios en el Colegio Maternal Viv\u00ed y secundarios en el Colegio San  Francisco de As\u00eds, permaneciendo en el circulo sobresaliente. Ha realizado  cursos en ingl\u00e9s en el Colegio Dom\u00ednico-Americano. Estudi\u00f3 locuci\u00f3n en la Escuela Nacional de Locuci\u00f3n  Otto Rivera. Con Vanesa Angulo dance; barbizon primeros estudios de modelaje y  Agencia y Escuela de Modelos Juan Rojas, modelo profesional.<\/p>\n<p>&#13;<\/p>\n<p align=\"justify\" class=\"text1noticias\">Particip\u00f3  adem\u00e1s en el concurso internacional Miss Caribean PJD2 quedando dentro de las  finalistas.<\/p>\n<p>&#13;<\/p>\n<p align=\"justify\" class=\"text1noticias\">Desde ni\u00f1a ha  sentido gran admiraci\u00f3n por la naturaleza, la cultura, el ballet, modelaje y  gusta de aprender cosas nuevas. A los 18 a\u00f1os es coronada como Miss Rep\u00fablica  Dominicana Tierra 2008.<\/p>\n<p>&#13;<\/p>\n<p align=\"justify\" class=\"text1noticias\">OBJETIVOS  PERSONALES<\/p>\n<p>&#13;<\/p>\n<p align=\"justify\" class=\"text1noticias\">Entre sus  objetivos personales, se resaltan: lograr disminuir la contaminaci\u00f3n ambiental.  Ayudar a las instituciones que trabajen con personas de VIH-Sida. Embarazos a  destiempo en las adolescentes; ni\u00f1as con retraso en el aprendizaje y poder ser  miembro de esas instituciones y ayudar al igual que ellos.<\/p>\n<p>&#13;<\/p>\n<p align=\"justify\" class=\"text1noticias\">Lograr ser un  gran ejemplo a seguir para los j\u00f3venes. Hacer un buen trabajo por su pa\u00eds, ya  que necesita personas que cambien las injusticias que se cometen contra el  Medio Ambiente. Realizar proyectos en pro-al Medio Ambiente, campa\u00f1as y charlas  en diferentes centros educativos.<\/p>\n<p>&#13;<\/p>\n<p align=\"justify\" class=\"text1noticias\"> Finalmente,  estudiar Turismo y Comunicaci\u00f3n Social y aprender nuevos idiomas.<\/p>\n<p>&#13;<\/p>\n<h6> 2008-10-13 20:21:08 <\/h6>\n<p><!--\n<link rel=\"stylesheet\" href=\"css\/bootstrap.min.css\">\n\n\n<ul class=\"pagination\">\n\t    \n\t\n\n<li >\n\t<a href='?page_no=20916'>Previous<\/a>\n\t<\/li>\n\n\n       \n    \n\n<li><a href='?page_no=1'>1<\/a><\/li>\n\n\n\n<li><a href='?page_no=2'>2<\/a><\/li>\n\n\n\n<li><a>...<\/a><\/li>\n\n\n\n<li><a href='?page_no=20915'>20915<\/a><\/li>\n\n\n\n<li><a href='?page_no=20916'>20916<\/a><\/li>\n\n\n\n<li class='active'><a>20917<\/a><\/li>\n\n\n\n<li><a href='?page_no=20918'>20918<\/a><\/li>\n\n\n\n<li><a href='?page_no=20919'>20919<\/a><\/li>\n\n\n\n<li><a>...<\/a><\/li>\n\n\n\n<li><a href='?page_no=22522'>22522<\/a><\/li>\n\n\n\n<li><a href='?page_no=22523'>22523<\/a><\/li>\n\n    \n\t\n\n<li >\n\t<a href='?page_no=20918'>Next<\/a>\n\t<\/li>\n\n\n    \n\n<li><a href='?page_no=22523'>Last &rsaquo;&rsaquo;<\/a><\/li>\n\n<\/ul>\n\n\n--><br \/>\n<\/body><\/p>\n","protected":false},"excerpt":{"rendered":"<p>DIANA GONZ\u00c0LEZ FLORES, MISS REP\u00d9BLICA DOMINICANA TIERRA 2008&#13; &#13; REPRESENTAR\u00c0 NUESTRO PA\u00ccS CONCURSO INTERNACIONAL FILIPINAS &#13; \u201cLa beldad dominicana estar\u00e1 participando junto a un grupo de otras representantes de m\u00e1s de 95 pa\u00edses en la Ciudad de Manila, Filipinas el pr\u00f3ximo 10 de noviembre\u201d. &#13; SANTO DOMINGO.-La beldad criolla, Diana Flores, anunci\u00f3 hoy que representar\u00e1 [&hellip;]<\/p>\n","protected":false},"author":3,"featured_media":0,"comment_status":"open","ping_status":"open","sticky":false,"template":"","format":"standard","meta":{"footnotes":""},"categories":[25],"tags":[],"class_list":["post-92295","post","type-post","status-publish","format-standard","hentry","category-gente"],"_links":{"self":[{"href":"https:\/\/diariodominicano.com\/index.php?rest_route=\/wp\/v2\/posts\/92295","targetHints":{"allow":["GET"]}}],"collection":[{"href":"https:\/\/diariodominicano.com\/index.php?rest_route=\/wp\/v2\/posts"}],"about":[{"href":"https:\/\/diariodominicano.com\/index.php?rest_route=\/wp\/v2\/types\/post"}],"author":[{"embeddable":true,"href":"https:\/\/diariodominicano.com\/index.php?rest_route=\/wp\/v2\/users\/3"}],"replies":[{"embeddable":true,"href":"https:\/\/diariodominicano.com\/index.php?rest_route=%2Fwp%2Fv2%2Fcomments&post=92295"}],"version-history":[{"count":0,"href":"https:\/\/diariodominicano.com\/index.php?rest_route=\/wp\/v2\/posts\/92295\/revisions"}],"wp:attachment":[{"href":"https:\/\/diariodominicano.com\/index.php?rest_route=%2Fwp%2Fv2%2Fmedia&parent=92295"}],"wp:term":[{"taxonomy":"category","embeddable":true,"href":"https:\/\/diariodominicano.com\/index.php?rest_route=%2Fwp%2Fv2%2Fcategories&post=92295"},{"taxonomy":"post_tag","embeddable":true,"href":"https:\/\/diariodominicano.com\/index.php?rest_route=%2Fwp%2Fv2%2Ftags&post=92295"}],"curies":[{"name":"wp","href":"https:\/\/api.w.org\/{rel}","templated":true}]}}