{"id":92293,"date":"2008-10-14T15:39:50","date_gmt":"2008-10-14T15:39:50","guid":{"rendered":"http:\/\/diariodominicano.ddns.net\/?p=92293"},"modified":"2008-10-14T15:39:50","modified_gmt":"2008-10-14T15:39:50","slug":"carla-de-leon-la-cantante-de-aventurera-esta-embarazada","status":"publish","type":"post","link":"https:\/\/diariodominicano.com\/?p=92293","title":{"rendered":"Carla de Le\u00f3n la cantante de \u201cAventurera\u201d est\u00e1 embarazada"},"content":{"rendered":"<p><body><\/p>\n<p class=\"titulogrande1\">Carla de Le\u00f3n la cantante de \u201cAventurera\u201d est\u00e1 embarazada<\/p>\n<p>&#13;<\/p>\n<p align=\"justify\" class=\"text1noticias\"><img loading=\"lazy\" decoding=\"async\" src=\"http:\/\/localhost:8080\/gente\/img\/carme aventur.jpg\" width=\"558\" height=\"334\" hspace=\"4\" align=\"left\" \/>Miami, FL, 13 de octubre del 2008.- A <strong>Carla De Le\u00f3n<\/strong> la vimos en el Teatro Nokia de Los Angeles,  California, el 28 de mayo de este a\u00f1o, cantando y actuando en la exitosa obra  musical<strong> <\/strong>\u201cAventurera\u201d.<strong> <\/strong>Ahora se encuentra en uno de los  episodios m\u00e1s felices de toda su vida, anunciando a sus fans que detiene sus  actividades art\u00edsticas con el fin de prepararse para dar feliz llegada al mundo  a sus gemelos.<br \/>&#13;<br \/>\n  <br \/>&#13;<br \/>\n  La actriz y cantante suspendi\u00f3 sus compromisos por los pr\u00f3ximos  nueves meses, incluyendo la invitaci\u00f3n por parte de la gran actriz y productora <strong>Carmen Salinas<\/strong> para volver a formar parte del nuevo elenco de la exitosa  obra musical mexicana \u201cAventurera\u201d, pieza que se estar\u00eda estrenando en el  Teatro Blanquita de la Ciudad de M\u00e9xico, y que incluir\u00eda una extensa gira por  la Rep\u00fablica Mexicana, Centroam\u00e9rica y Estados Unidos.<br \/>&#13;<br \/>\n  <br \/>&#13;<br \/>\n\u201cEstoy muy agradecida por esta grandiosa oportunidad, pero  lamentablemente debo declinar los compromisos art\u00edsticos pautados para concentrarme  en el proyecto m\u00e1s importante de mi vida: mis hijos\u201d, expres\u00f3 la cantante.<br \/>&#13;<br \/>\n<br \/>&#13;<br \/>\nCarmen Salinas y los directores de \u201cAventurera\u201d se alegraron por  la gran noticia y manifestaron que esperan contar con Carla para la edici\u00f3n  2009 de este espect\u00e1culo.<br \/>&#13;<br \/>\n<br \/>&#13;<br \/>\nLa \u00faltima presentaci\u00f3n realizada por la int\u00e9rprete, antes de  iniciar este periodo de reposo, fue el pasado 13 de septiembre en el Bellagio  Resort &amp; Casino, en Las Vegas, Nevada.<br \/>&#13;<br \/>\n<br \/>&#13;<br \/>\nCarla De Le\u00f3n ha sido una de las artistas m\u00e1s admiradas y  reconocidas de la m\u00fasica regional mexicana de los \u00faltimos a\u00f1os, con un talento  extraordinario que le ha permitido compartir escenarios con \u00edconos del arte  musical mexicano, como son <strong>Vicente Fern\u00e1ndez<\/strong>, <strong>Joan Sebastian<\/strong> y <strong>Juan Gabriel<\/strong>, entre otros grandes.<br \/>&#13;<br \/>\n<br \/>&#13;<br \/>\nEsta diva naci\u00f3 en Estados Unidos pero desde muy joven cantaba  acompa\u00f1ada de mariachi y banda, lo que le permiti\u00f3 crecer y desarrollarse en  este g\u00e9nero. Tiene en su haber tres maravillosas producciones discogr\u00e1ficas,  siendo la m\u00e1s reciente \u201cComo una Leona\u201d, la cual cuenta con el sencillo  titulado \u201cPienso en \u00c9l\u00bb, tema compuesto por el gran <strong>Pedro I\u00f1\u00edguez<\/strong>.<\/p>\n<p>&#13;<\/p>\n<h6> 2008-10-14 15:39:50 <\/h6>\n<p><!--\n<link rel=\"stylesheet\" href=\"css\/bootstrap.min.css\">\n\n\n<ul class=\"pagination\">\n\t    \n\t\n\n<li >\n\t<a href='?page_no=20914'>Previous<\/a>\n\t<\/li>\n\n\n       \n    \n\n<li><a href='?page_no=1'>1<\/a><\/li>\n\n\n\n<li><a href='?page_no=2'>2<\/a><\/li>\n\n\n\n<li><a>...<\/a><\/li>\n\n\n\n<li><a href='?page_no=20913'>20913<\/a><\/li>\n\n\n\n<li><a href='?page_no=20914'>20914<\/a><\/li>\n\n\n\n<li class='active'><a>20915<\/a><\/li>\n\n\n\n<li><a href='?page_no=20916'>20916<\/a><\/li>\n\n\n\n<li><a href='?page_no=20917'>20917<\/a><\/li>\n\n\n\n<li><a>...<\/a><\/li>\n\n\n\n<li><a href='?page_no=22522'>22522<\/a><\/li>\n\n\n\n<li><a href='?page_no=22523'>22523<\/a><\/li>\n\n    \n\t\n\n<li >\n\t<a href='?page_no=20916'>Next<\/a>\n\t<\/li>\n\n\n    \n\n<li><a href='?page_no=22523'>Last &rsaquo;&rsaquo;<\/a><\/li>\n\n<\/ul>\n\n\n--><br \/>\n<\/body><\/p>\n","protected":false},"excerpt":{"rendered":"<p>Carla de Le\u00f3n la cantante de \u201cAventurera\u201d est\u00e1 embarazada &#13; Miami, FL, 13 de octubre del 2008.- A Carla De Le\u00f3n la vimos en el Teatro Nokia de Los Angeles, California, el 28 de mayo de este a\u00f1o, cantando y actuando en la exitosa obra musical \u201cAventurera\u201d. Ahora se encuentra en uno de los episodios [&hellip;]<\/p>\n","protected":false},"author":3,"featured_media":0,"comment_status":"open","ping_status":"open","sticky":false,"template":"","format":"standard","meta":{"footnotes":""},"categories":[25],"tags":[],"class_list":["post-92293","post","type-post","status-publish","format-standard","hentry","category-gente"],"_links":{"self":[{"href":"https:\/\/diariodominicano.com\/index.php?rest_route=\/wp\/v2\/posts\/92293","targetHints":{"allow":["GET"]}}],"collection":[{"href":"https:\/\/diariodominicano.com\/index.php?rest_route=\/wp\/v2\/posts"}],"about":[{"href":"https:\/\/diariodominicano.com\/index.php?rest_route=\/wp\/v2\/types\/post"}],"author":[{"embeddable":true,"href":"https:\/\/diariodominicano.com\/index.php?rest_route=\/wp\/v2\/users\/3"}],"replies":[{"embeddable":true,"href":"https:\/\/diariodominicano.com\/index.php?rest_route=%2Fwp%2Fv2%2Fcomments&post=92293"}],"version-history":[{"count":0,"href":"https:\/\/diariodominicano.com\/index.php?rest_route=\/wp\/v2\/posts\/92293\/revisions"}],"wp:attachment":[{"href":"https:\/\/diariodominicano.com\/index.php?rest_route=%2Fwp%2Fv2%2Fmedia&parent=92293"}],"wp:term":[{"taxonomy":"category","embeddable":true,"href":"https:\/\/diariodominicano.com\/index.php?rest_route=%2Fwp%2Fv2%2Fcategories&post=92293"},{"taxonomy":"post_tag","embeddable":true,"href":"https:\/\/diariodominicano.com\/index.php?rest_route=%2Fwp%2Fv2%2Ftags&post=92293"}],"curies":[{"name":"wp","href":"https:\/\/api.w.org\/{rel}","templated":true}]}}