{"id":92292,"date":"2008-10-14T18:18:45","date_gmt":"2008-10-14T18:18:45","guid":{"rendered":"http:\/\/diariodominicano.ddns.net\/?p=92292"},"modified":"2008-10-14T18:18:45","modified_gmt":"2008-10-14T18:18:45","slug":"la-fundacion-mundo-verde-hace-encuentro-donde-entrega-arboles-para-reforestar","status":"publish","type":"post","link":"https:\/\/diariodominicano.com\/?p=92292","title":{"rendered":"La Fundaci\u00f3n Mundo Verde hace encuentro donde entrega \u00e1rboles para reforestar"},"content":{"rendered":"<p><body><\/p>\n<p><strong>Con  el patrocinio de \u00d3ptica Alm\u00e1nzar <\/strong><\/p>\n<p>&#13;<\/p>\n<p class=\"titulogrande1\"><strong>La Fundaci\u00f3n Mundo Verde hace encuentro donde entrega \u00e1rboles para  reforestar<\/strong><\/p>\n<p>&#13;<\/p>\n<p align=\"justify\" class=\"text1noticias\"><img loading=\"lazy\" decoding=\"async\" src=\"http:\/\/localhost:8080\/gente\/img\/diana gon.jpg\" width=\"375\" height=\"853\" hspace=\"4\" align=\"left\" \/>La Fundaci\u00f3n Mundo Verde, trabajando  en pro de la preservaci\u00f3n del medio ambiente realiz\u00f3 un encuentro donde  proporcion\u00f3 de un \u00e1rbol a cada persona presente en el local de la \u00d3ptica Alm\u00e1nzar,  empresa patrocinadora de la actividad.<\/p>\n<p>&#13;<\/p>\n<p align=\"justify\" class=\"text1noticias\">Durante la entrega de plantas  para reforestar, Ignacio Joga, presidente de la fundaci\u00f3n refiri\u00f3 la  importancia que reviste el que todo dominicano se integre a reforestar nuestros  campos y patios de nuestras casas, a fin de contribuir con un atm\u00f3sfera m\u00e1s  libre de contaminaci\u00f3n.<\/p>\n<p>&#13;<\/p>\n<p align=\"justify\" class=\"text1noticias\">Agrega que la entrega de  \u00e1rboles para siembra es parte de las diferentes formas de la entidad que  preside de colaborar con la sociedad, ya que sin \u00e1rboles se secan nuestros r\u00edos  y el aire se vuelve m\u00e1s impuro.<\/p>\n<p>&#13;<\/p>\n<p align=\"justify\" class=\"text1noticias\"> Joga explica que como todo  debe presentarse con alegr\u00eda y m\u00fasica fueron presentados los artistas Manolo  Tejeda (la chachi); Ana en Bellydance, Alejandro B\u00e1ez y Rocky Romero. <\/p>\n<p>&#13;<\/p>\n<h6> 2008-10-14 18:18:45 <\/h6>\n<p><!--\n<link rel=\"stylesheet\" href=\"css\/bootstrap.min.css\">\n\n\n<ul class=\"pagination\">\n\t    \n\t\n\n<li >\n\t<a href='?page_no=20913'>Previous<\/a>\n\t<\/li>\n\n\n       \n    \n\n<li><a href='?page_no=1'>1<\/a><\/li>\n\n\n\n<li><a href='?page_no=2'>2<\/a><\/li>\n\n\n\n<li><a>...<\/a><\/li>\n\n\n\n<li><a href='?page_no=20912'>20912<\/a><\/li>\n\n\n\n<li><a href='?page_no=20913'>20913<\/a><\/li>\n\n\n\n<li class='active'><a>20914<\/a><\/li>\n\n\n\n<li><a href='?page_no=20915'>20915<\/a><\/li>\n\n\n\n<li><a href='?page_no=20916'>20916<\/a><\/li>\n\n\n\n<li><a>...<\/a><\/li>\n\n\n\n<li><a href='?page_no=22522'>22522<\/a><\/li>\n\n\n\n<li><a href='?page_no=22523'>22523<\/a><\/li>\n\n    \n\t\n\n<li >\n\t<a href='?page_no=20915'>Next<\/a>\n\t<\/li>\n\n\n    \n\n<li><a href='?page_no=22523'>Last &rsaquo;&rsaquo;<\/a><\/li>\n\n<\/ul>\n\n\n--><br \/>\n<\/body><\/p>\n","protected":false},"excerpt":{"rendered":"<p>Con el patrocinio de \u00d3ptica Alm\u00e1nzar &#13; La Fundaci\u00f3n Mundo Verde hace encuentro donde entrega \u00e1rboles para reforestar &#13; La Fundaci\u00f3n Mundo Verde, trabajando en pro de la preservaci\u00f3n del medio ambiente realiz\u00f3 un encuentro donde proporcion\u00f3 de un \u00e1rbol a cada persona presente en el local de la \u00d3ptica Alm\u00e1nzar, empresa patrocinadora de la [&hellip;]<\/p>\n","protected":false},"author":3,"featured_media":0,"comment_status":"open","ping_status":"open","sticky":false,"template":"","format":"standard","meta":{"footnotes":""},"categories":[25],"tags":[],"class_list":["post-92292","post","type-post","status-publish","format-standard","hentry","category-gente"],"_links":{"self":[{"href":"https:\/\/diariodominicano.com\/index.php?rest_route=\/wp\/v2\/posts\/92292","targetHints":{"allow":["GET"]}}],"collection":[{"href":"https:\/\/diariodominicano.com\/index.php?rest_route=\/wp\/v2\/posts"}],"about":[{"href":"https:\/\/diariodominicano.com\/index.php?rest_route=\/wp\/v2\/types\/post"}],"author":[{"embeddable":true,"href":"https:\/\/diariodominicano.com\/index.php?rest_route=\/wp\/v2\/users\/3"}],"replies":[{"embeddable":true,"href":"https:\/\/diariodominicano.com\/index.php?rest_route=%2Fwp%2Fv2%2Fcomments&post=92292"}],"version-history":[{"count":0,"href":"https:\/\/diariodominicano.com\/index.php?rest_route=\/wp\/v2\/posts\/92292\/revisions"}],"wp:attachment":[{"href":"https:\/\/diariodominicano.com\/index.php?rest_route=%2Fwp%2Fv2%2Fmedia&parent=92292"}],"wp:term":[{"taxonomy":"category","embeddable":true,"href":"https:\/\/diariodominicano.com\/index.php?rest_route=%2Fwp%2Fv2%2Fcategories&post=92292"},{"taxonomy":"post_tag","embeddable":true,"href":"https:\/\/diariodominicano.com\/index.php?rest_route=%2Fwp%2Fv2%2Ftags&post=92292"}],"curies":[{"name":"wp","href":"https:\/\/api.w.org\/{rel}","templated":true}]}}