{"id":92291,"date":"2008-10-14T18:21:43","date_gmt":"2008-10-14T18:21:43","guid":{"rendered":"http:\/\/diariodominicano.ddns.net\/?p=92291"},"modified":"2008-10-14T18:21:43","modified_gmt":"2008-10-14T18:21:43","slug":"politecnico-ann-y-ted-kheel-realiza-tercera-graduacion-ordinaria","status":"publish","type":"post","link":"https:\/\/diariodominicano.com\/?p=92291","title":{"rendered":"Polit\u00e9cnico Ann y Ted Kheel realiza tercera graduaci\u00f3n ordinaria"},"content":{"rendered":"<p><body><\/p>\n<p class=\"titulogrande1\"><strong>Polit\u00e9cnico Ann y Ted Kheel realiza  tercera graduaci\u00f3n ordinaria <\/strong><\/p>\n<p>&#13;<\/p>\n<p align=\"justify\"><img loading=\"lazy\" decoding=\"async\" src=\"http:\/\/localhost:8080\/gente\/img\/gradu cana.jpg\" width=\"375\" height=\"505\" hspace=\"4\" align=\"left\" \/><span class=\"text1noticias\">Con la presencia de  autoridades provinciales e invitados especiales, el Polit\u00e9cnico Ann y Ted Kheel  celebr\u00f3 la tercera graduaci\u00f3n ordinaria, donde fueron investidos 70 nuevos  bachilleres de las comunidades de Ver\u00f3n, B\u00e1varo, Cabeza de Toro y Punta Cana.<br \/>&#13;<br \/>\n    <br \/>&#13;<br \/>\n  El Polit\u00e9cnico Ann  y Ted Kheel fue construido y equipado en el 2004 por la Fundaci\u00f3n PUNTACANA  como una iniciativa del empresario tur\u00edstico Frank Rainieri, presidente del GRUPO  PUNTACANA.<br \/>&#13;<br \/>\n  <br \/>&#13;<br \/>\n El acto de  graduaci\u00f3n estuvo a cargo del obispo de la Di\u00f3cesis Nuestra Se\u00f1ora de la  Altagracia, monse\u00f1or Nicanor Pe\u00f1a y en el mismo estuvieron presentes los  estudiantes, familiares y amigos.<br \/>&#13;<br \/>\n<br \/>&#13;<br \/>\n Mientras, el director de la Fundaci\u00f3n  PUNTACANA, Paul Beswick,  exhort\u00f3 a los estudiantes a actuar como ciudadanos responsables y asumir la integridad  como forma de vida.<br \/>&#13;<br \/>\n <br \/>&#13;<br \/>\n El sacerdote Jos\u00e9  Eugenio Toro, Director del Polit\u00e9cnico, dijo sentirse satisfecho de entregar a  la sociedad el primer grupo de graduados que curs\u00f3 el bachillerato completo en  dicha instituci\u00f3n, iniciando sus estudios en el 2004, a\u00f1o en que comenz\u00f3 a  funcionar el Polit\u00e9cnico.<br \/>&#13;<br \/>\n <br \/>&#13;<br \/>\n La graduaci\u00f3n fue  dedicada de manera especial a la Sra. Hayd\u00e9e Rainieri,  Vicepresidenta del GRUPO PUNTACANA, quien adem\u00e1s recibi\u00f3 un reconocimiento por  ayudar a los j\u00f3venes de Ver\u00f3n a transitar el camino de la esperanza.\/\/\/\/<\/span><\/p>\n<p>&#13;<\/p>\n<h6> 2008-10-14 18:21:43 <\/h6>\n<p><!--\n<link rel=\"stylesheet\" href=\"css\/bootstrap.min.css\">\n\n\n<ul class=\"pagination\">\n\t    \n\t\n\n<li >\n\t<a href='?page_no=20912'>Previous<\/a>\n\t<\/li>\n\n\n       \n    \n\n<li><a href='?page_no=1'>1<\/a><\/li>\n\n\n\n<li><a href='?page_no=2'>2<\/a><\/li>\n\n\n\n<li><a>...<\/a><\/li>\n\n\n\n<li><a href='?page_no=20911'>20911<\/a><\/li>\n\n\n\n<li><a href='?page_no=20912'>20912<\/a><\/li>\n\n\n\n<li class='active'><a>20913<\/a><\/li>\n\n\n\n<li><a href='?page_no=20914'>20914<\/a><\/li>\n\n\n\n<li><a href='?page_no=20915'>20915<\/a><\/li>\n\n\n\n<li><a>...<\/a><\/li>\n\n\n\n<li><a href='?page_no=22522'>22522<\/a><\/li>\n\n\n\n<li><a href='?page_no=22523'>22523<\/a><\/li>\n\n    \n\t\n\n<li >\n\t<a href='?page_no=20914'>Next<\/a>\n\t<\/li>\n\n\n    \n\n<li><a href='?page_no=22523'>Last &rsaquo;&rsaquo;<\/a><\/li>\n\n<\/ul>\n\n\n--><br \/>\n<\/body><\/p>\n","protected":false},"excerpt":{"rendered":"<p>Polit\u00e9cnico Ann y Ted Kheel realiza tercera graduaci\u00f3n ordinaria &#13; Con la presencia de autoridades provinciales e invitados especiales, el Polit\u00e9cnico Ann y Ted Kheel celebr\u00f3 la tercera graduaci\u00f3n ordinaria, donde fueron investidos 70 nuevos bachilleres de las comunidades de Ver\u00f3n, B\u00e1varo, Cabeza de Toro y Punta Cana.&#13; &#13; El Polit\u00e9cnico Ann y Ted Kheel [&hellip;]<\/p>\n","protected":false},"author":3,"featured_media":0,"comment_status":"open","ping_status":"open","sticky":false,"template":"","format":"standard","meta":{"footnotes":""},"categories":[25],"tags":[],"class_list":["post-92291","post","type-post","status-publish","format-standard","hentry","category-gente"],"_links":{"self":[{"href":"https:\/\/diariodominicano.com\/index.php?rest_route=\/wp\/v2\/posts\/92291","targetHints":{"allow":["GET"]}}],"collection":[{"href":"https:\/\/diariodominicano.com\/index.php?rest_route=\/wp\/v2\/posts"}],"about":[{"href":"https:\/\/diariodominicano.com\/index.php?rest_route=\/wp\/v2\/types\/post"}],"author":[{"embeddable":true,"href":"https:\/\/diariodominicano.com\/index.php?rest_route=\/wp\/v2\/users\/3"}],"replies":[{"embeddable":true,"href":"https:\/\/diariodominicano.com\/index.php?rest_route=%2Fwp%2Fv2%2Fcomments&post=92291"}],"version-history":[{"count":0,"href":"https:\/\/diariodominicano.com\/index.php?rest_route=\/wp\/v2\/posts\/92291\/revisions"}],"wp:attachment":[{"href":"https:\/\/diariodominicano.com\/index.php?rest_route=%2Fwp%2Fv2%2Fmedia&parent=92291"}],"wp:term":[{"taxonomy":"category","embeddable":true,"href":"https:\/\/diariodominicano.com\/index.php?rest_route=%2Fwp%2Fv2%2Fcategories&post=92291"},{"taxonomy":"post_tag","embeddable":true,"href":"https:\/\/diariodominicano.com\/index.php?rest_route=%2Fwp%2Fv2%2Ftags&post=92291"}],"curies":[{"name":"wp","href":"https:\/\/api.w.org\/{rel}","templated":true}]}}