{"id":92290,"date":"2008-10-14T18:57:04","date_gmt":"2008-10-14T18:57:04","guid":{"rendered":"http:\/\/diariodominicano.ddns.net\/?p=92290"},"modified":"2008-10-14T18:57:04","modified_gmt":"2008-10-14T18:57:04","slug":"mirta-renee-realizo-exitosa-gira-por-guatemala","status":"publish","type":"post","link":"https:\/\/diariodominicano.com\/?p=92290","title":{"rendered":"Mirta Ren\u00e9e realiz\u00f3 exitosa gira por Guatemala"},"content":{"rendered":"<p><body><\/p>\n<p class=\"titulogrande1\">Mirta  Ren\u00e9e realiz\u00f3 exitosa gira por Guatemala<\/p>\n<p>&#13;<\/p>\n<p align=\"justify\" class=\"text1noticias\"><img loading=\"lazy\" decoding=\"async\" src=\"http:\/\/localhost:8080\/gente\/img\/mirta rene.jpg\" width=\"375\" height=\"287\" hspace=\"4\" align=\"left\" \/>Miami,  FL, 14 de octubre del 2008.- La reconocida actriz guatemalteca, <strong>Mirta Ren\u00e9e<\/strong>, sigue cosechando grandes  \u00e9xitos por su maravillosa interpretaci\u00f3n de \u201cVanessa\u201d en la espectacular serie  \u201cGabriel\u201d Amor Inmortal, siendo recibida recientemente con los brazos abiertos  por sus paisanos, en una gira promocional que realiz\u00f3 la artista por este pa\u00eds  centroamericano.<br \/>&#13;<br \/>\n  <br \/>&#13;<br \/>\n  Durante  tres d\u00edas, Mirta realiz\u00f3 un extenso recorrido por reconocidos medios de  comunicaci\u00f3n electr\u00f3nicos e impresos de esta naci\u00f3n, donde comparti\u00f3 la gran  experiencia que ha representado para ella actuar en los Estados Unidos.<br \/>&#13;<br \/>\n  <br \/>&#13;<br \/>\n  \u201cHa  sido muy grato regresar a mi pa\u00eds aunque sea por unos d\u00edas y sentir el cari\u00f1o y  el orgullo que mis compatriotas expresan por el trabajo que hago en el  extranjero\u201d, expres\u00f3 la actriz.<br \/>&#13;<br \/>\n  <br \/>&#13;<br \/>\n  Entretanto,  la actriz se present\u00f3 ayer en el programa \u201cAlfombra Roja\u201d, por la emisora  radial WRMA Romance 106.7, dirigido por la popular conductora <strong>Ileana Garc\u00eda<\/strong>, as\u00ed como en una firma de  aut\u00f3grafos, la pasada semana, donde cientos de fans recibieron un aut\u00f3grafo de  la conocida actriz.<br \/>&#13;<br \/>\n  <br \/>&#13;<br \/>\n  La  pr\u00f3xima semana volver\u00e1 a su pa\u00eds para presentarse, junto a grandes estrellas  del espect\u00e1culo, en el Concierto de la Solidaridad, evento que convoca el  gobierno guatemalteco y Unicef, entre otras entidades, para recaudar fondos a  las comunidades m\u00e1s necesitadas.<br \/>&#13;<br \/>\n  <br \/>&#13;<br \/>\n  Adem\u00e1s,  estar\u00e1 presente, el pr\u00f3ximo mi\u00e9rcoles 22 de octubre, en la inauguraci\u00f3n del  sal\u00f3n de belleza de <strong>Rocco Donna<\/strong>, en  Miami Beach. Tambi\u00e9n, en un evento organizado por el dise\u00f1ador espa\u00f1ol <strong>Adolfo Dom\u00ednguez<\/strong>, el 23 de octubre, y  en la ceremonia de los Premios Fama, a efectuarse el 29 de octubre en el Gusman  Center for the Performing Arts, en el centro de la ciudad de Miami.<br \/>&#13;<br \/>\n  <br \/>&#13;<br \/>\n  Mirta  Ren\u00e9e ha sido una de las estrellas revelaci\u00f3n de \u201cGabriel\u201d, la s\u00faper producci\u00f3n  de Mega TV, que cuenta con un estelar elenco que encabezan <strong>Chayanne<\/strong>, <strong>Jos\u00e9 Luis<\/strong> <strong>Rodr\u00edguez \u201cEl Puma\u201d<\/strong> y <strong>Ang\u00e9lica Celaya<\/strong>, con locaciones en  Miami, Puerto Rico, Roma y Venecia.<\/p>\n<p>&#13;<\/p>\n<h6> 2008-10-14 18:57:04 <\/h6>\n<p><!--\n<link rel=\"stylesheet\" href=\"css\/bootstrap.min.css\">\n\n\n<ul class=\"pagination\">\n\t    \n\t\n\n<li >\n\t<a href='?page_no=20911'>Previous<\/a>\n\t<\/li>\n\n\n       \n    \n\n<li><a href='?page_no=1'>1<\/a><\/li>\n\n\n\n<li><a href='?page_no=2'>2<\/a><\/li>\n\n\n\n<li><a>...<\/a><\/li>\n\n\n\n<li><a href='?page_no=20910'>20910<\/a><\/li>\n\n\n\n<li><a href='?page_no=20911'>20911<\/a><\/li>\n\n\n\n<li class='active'><a>20912<\/a><\/li>\n\n\n\n<li><a href='?page_no=20913'>20913<\/a><\/li>\n\n\n\n<li><a href='?page_no=20914'>20914<\/a><\/li>\n\n\n\n<li><a>...<\/a><\/li>\n\n\n\n<li><a href='?page_no=22522'>22522<\/a><\/li>\n\n\n\n<li><a href='?page_no=22523'>22523<\/a><\/li>\n\n    \n\t\n\n<li >\n\t<a href='?page_no=20913'>Next<\/a>\n\t<\/li>\n\n\n    \n\n<li><a href='?page_no=22523'>Last &rsaquo;&rsaquo;<\/a><\/li>\n\n<\/ul>\n\n\n--><br \/>\n<\/body><\/p>\n","protected":false},"excerpt":{"rendered":"<p>Mirta Ren\u00e9e realiz\u00f3 exitosa gira por Guatemala &#13; Miami, FL, 14 de octubre del 2008.- La reconocida actriz guatemalteca, Mirta Ren\u00e9e, sigue cosechando grandes \u00e9xitos por su maravillosa interpretaci\u00f3n de \u201cVanessa\u201d en la espectacular serie \u201cGabriel\u201d Amor Inmortal, siendo recibida recientemente con los brazos abiertos por sus paisanos, en una gira promocional que realiz\u00f3 la [&hellip;]<\/p>\n","protected":false},"author":3,"featured_media":0,"comment_status":"open","ping_status":"open","sticky":false,"template":"","format":"standard","meta":{"footnotes":""},"categories":[25],"tags":[],"class_list":["post-92290","post","type-post","status-publish","format-standard","hentry","category-gente"],"_links":{"self":[{"href":"https:\/\/diariodominicano.com\/index.php?rest_route=\/wp\/v2\/posts\/92290","targetHints":{"allow":["GET"]}}],"collection":[{"href":"https:\/\/diariodominicano.com\/index.php?rest_route=\/wp\/v2\/posts"}],"about":[{"href":"https:\/\/diariodominicano.com\/index.php?rest_route=\/wp\/v2\/types\/post"}],"author":[{"embeddable":true,"href":"https:\/\/diariodominicano.com\/index.php?rest_route=\/wp\/v2\/users\/3"}],"replies":[{"embeddable":true,"href":"https:\/\/diariodominicano.com\/index.php?rest_route=%2Fwp%2Fv2%2Fcomments&post=92290"}],"version-history":[{"count":0,"href":"https:\/\/diariodominicano.com\/index.php?rest_route=\/wp\/v2\/posts\/92290\/revisions"}],"wp:attachment":[{"href":"https:\/\/diariodominicano.com\/index.php?rest_route=%2Fwp%2Fv2%2Fmedia&parent=92290"}],"wp:term":[{"taxonomy":"category","embeddable":true,"href":"https:\/\/diariodominicano.com\/index.php?rest_route=%2Fwp%2Fv2%2Fcategories&post=92290"},{"taxonomy":"post_tag","embeddable":true,"href":"https:\/\/diariodominicano.com\/index.php?rest_route=%2Fwp%2Fv2%2Ftags&post=92290"}],"curies":[{"name":"wp","href":"https:\/\/api.w.org\/{rel}","templated":true}]}}