{"id":92289,"date":"2008-10-14T23:42:09","date_gmt":"2008-10-14T23:42:09","guid":{"rendered":"http:\/\/diariodominicano.ddns.net\/?p=92289"},"modified":"2008-10-14T23:42:09","modified_gmt":"2008-10-14T23:42:09","slug":"la-uapa-celebra-xxi-graduacion-con-456-nuevos-profesionales","status":"publish","type":"post","link":"https:\/\/diariodominicano.com\/?p=92289","title":{"rendered":"LA UAPA CELEBRA XXI GRADUACION CON 456 NUEVOS PROFESIONALES"},"content":{"rendered":"<p><body><\/p>\n<p><strong><em>78 pertenecen a postgrado<\/em><\/strong><\/p>\n<p>&#13;<\/p>\n<p class=\"titulogrande1\"><strong>LA UAPA CELEBRA XXI GRADUACION CON 456  NUEVOS PROFESIONALES<\/strong><\/p>\n<p>&#13;<\/p>\n<p align=\"justify\" class=\"text1noticias\"><em>La  ceremonia cont\u00f3 con la presencia de la secretaria\u00a0 de estado de educaci\u00f3n superior Ligia Amada  Melo<\/em><\/p>\n<p>&#13;<\/p>\n<p align=\"justify\" class=\"text1noticias\"><strong><img loading=\"lazy\" decoding=\"async\" src=\"http:\/\/localhost:8080\/gente\/img\/gradu uap.jpg\" width=\"375\" height=\"860\" hspace=\"4\" align=\"left\" \/>SANTIAGO.-<\/strong> \u00a0La primera  instituci\u00f3n superior de educaci\u00f3n a distancia, la Universidad Abierta para  Adultos (UAPA), invisti\u00f3 456 nuevos profesionales en carreras y maestr\u00eda en el  marco de su Vig\u00e9sima Primera Graduaci\u00f3n Ordinaria, celebrada en el Gran Arena  del Cibao, antiguo Palacio de los Deportes de esta ciudad.<\/p>\n<p>&#13;<\/p>\n<p align=\"justify\" class=\"text1noticias\">Las palabras introductoria de la  vicerrectora acad\u00e9mica, Cecilia Tejada de Reyna, destacaron el esfuerzo de los  participantes para lograr el \u00e9xito deseado.<\/p>\n<p>&#13;<\/p>\n<p align=\"justify\" class=\"text1noticias\">En la versi\u00f3n XXI de la  graduaci\u00f3n de la instituci\u00f3n, el rector \u00c1ngel Hern\u00e1ndez en el discurso central,  se refiri\u00f3 al surgimiento de la Universidad y al desarrollo progresivo a lo  largo de casi 14 a\u00f1os de fundada, basado en infraestructura f\u00edsica, acad\u00e9mica y  tecnol\u00f3gica, sumado al potencial humano que es el responsable del liderazgo  institucional como pionera en educaci\u00f3n a distancia, as\u00ed como del prestigio  nacional e internacional del que goza la entidad.<\/p>\n<p>&#13;<\/p>\n<p align=\"justify\" class=\"text1noticias\">Asimismo se refiri\u00f3 al proceso de  evaluaci\u00f3n\u00a0 por la Asociaci\u00f3n de  Autoestudio y Acreditaci\u00f3n y por el DETC de los Estados Unidos, organismo que  acredita instituciones\u00a0 de modalidad a  distancia. Adem\u00e1s de que la UAPA participa en la segunda Evaluaci\u00f3n Quinquenal  auspiciada por la Secretaria de Estado de Educaci\u00f3n Superior Ciencia y  Tecnolog\u00eda (SEESCYT).<\/p>\n<p>&#13;<\/p>\n<p align=\"justify\" class=\"text1noticias\">El tambi\u00e9n fundador de la  Universidad Abierta para Adultos, exhort\u00f3 a los nuevos profesionales a tener  una idea clara de lo que se quiere \u00a0y  despu\u00e9s como lograrla, porque a su juicio son dos elementos esenciales para  lograr el \u00e9xito.<\/p>\n<p>&#13;<\/p>\n<p align=\"justify\" class=\"text1noticias\">Argumento que la UAPA fue\u00a0 una idea de un grupo de profesionales y que  los resultado son el haber implementado en el pa\u00eds-de manera exitosa- la  educaci\u00f3n a distancia, la cual ha logrado alrededor de 6 mil 500 egresados  uapianos.<\/p>\n<p>&#13;<\/p>\n<p align=\"justify\" class=\"text1noticias\">Hern\u00e1ndez en sus palabras hizo un  recuento de los logros alcanzados el centro universitario y las innovaciones a  implementar en los pr\u00f3ximos meses como una red interna de video conferencia que  enlazar\u00e1 la sede con los recintos de Santo Domingo Oriental y Cibao  Oriental-Nagua, entre s\u00ed con el resto del mundo.<\/p>\n<p>&#13;<\/p>\n<p align=\"justify\" class=\"text1noticias\">Adem\u00e1s de la virtualizaci\u00f3n-como  se hacen los dem\u00e1s procesos- de todos los cursos para los pr\u00f3ximos a\u00f1os, a  trav\u00e9s del CUICE, Centro Universitario de Informaci\u00f3n y Comunicaci\u00f3n Educativa,  unidad de producci\u00f3n de materiales multimedia y virtualizacion.<\/p>\n<p>&#13;<\/p>\n<p align=\"justify\" class=\"text1noticias\">El acad\u00e9mico exhort\u00f3 a los  graduandos a luchar por sus sue\u00f1os, as\u00ed como tomar en cuenta la responsabilidad  \u00e9tica y la responsabilidad social; \u00b4\u00b4deben unirse a las mejores causas y actuar  pegados a la ley, preservar la cultura, el medio ambiente, que es definitiva  ser buen dominicano\u00b4\u00b4.<\/p>\n<p>&#13;<\/p>\n<p align=\"justify\" class=\"text1noticias\">Luego el rector y director de  Registro, Rafael Espinal entregaron los respectivos t\u00edtulos a los graduandos de  la Escuela de Post Grado, en Maestr\u00eda de Legislaci\u00f3n de Tierras, Gesti\u00f3n de  Centros Educativos y Especialidad en Recursos Humanos. Adem\u00e1s de los de las  distintas carreras.<\/p>\n<p>&#13;<\/p>\n<p align=\"justify\" class=\"text1noticias\">Los graduandos de mayor merito  por \u00e1rea,\u00a0 recibieron placa de  reconocimiento, anillo y pin de la Instituci\u00f3n, fueron ellos: Luz Bienvenida  Gonz\u00e1lez (Escuela de Postgrado), Jenny Mar\u00eda Mora (\u00a0 Turismo), Jos\u00e9 Joaqu\u00edn Ure\u00f1a (Negocios),  Raquel Ver\u00f3nica Gil (Educaci\u00f3n), Sobeida Brito ( Idiomas), Francisca Altagracia  Pe\u00f1a (Psicolog\u00eda) Ram\u00f3n Roberto Batista (Tecnolog\u00eda) y Kevin Taveras Cruz de la  Escuela de Ciencias Jur\u00eddicas y Pol\u00edticas, quien fue el m\u00e1s destacado de la  promoci\u00f3n y pronunci\u00f3 el discurso de cierre en nombre de sus compa\u00f1eros graduandos.<\/p>\n<p>&#13;<\/p>\n<p align=\"justify\" class=\"text1noticias\">La directiva del Colegio de  Egresados de la\u00a0 UAPA, (COLEUAPA), le  entreg\u00f3 una placa de reconocimiento por los m\u00e9ritos alcanzados.<\/p>\n<p>&#13;<\/p>\n<p align=\"justify\" class=\"text1noticias\">La mesa de honor estuvo integrada  por el rector \u00c1ngel Hern\u00e1ndez, Ligia Amada Melo, secretaria de Estado de  Educaci\u00f3n Superior Ciencia y Tecnolog\u00eda; Cecilia Tejada, vicerrectora  acad\u00e9mica; Mirian Acosta, ex-rectora y vicerrectora administrativa; Fernando  Hern\u00e1ndez, vicerrector de Planificaci\u00f3n y Desarrollo; Magdalena Cruz,  vicerrectora de Relaciones Internacionales y Rafael Augusto Ledesma, director  ejecutivo de la ADRU.<\/p>\n<p>&#13;<\/p>\n<p align=\"justify\" class=\"text1noticias\">Al final de la investidura  conducida por el orador Francisco Hern\u00e1ndez, los invitados especiales  disfrutaron de una recepci\u00f3n en su honor.\/\/<\/p>\n<p>&#13;<\/p>\n<h6> 2008-10-14 23:42:09 <\/h6>\n<p><!--\n<link rel=\"stylesheet\" href=\"css\/bootstrap.min.css\">\n\n\n<ul class=\"pagination\">\n\t    \n\t\n\n<li >\n\t<a href='?page_no=20910'>Previous<\/a>\n\t<\/li>\n\n\n       \n    \n\n<li><a href='?page_no=1'>1<\/a><\/li>\n\n\n\n<li><a href='?page_no=2'>2<\/a><\/li>\n\n\n\n<li><a>...<\/a><\/li>\n\n\n\n<li><a href='?page_no=20909'>20909<\/a><\/li>\n\n\n\n<li><a href='?page_no=20910'>20910<\/a><\/li>\n\n\n\n<li class='active'><a>20911<\/a><\/li>\n\n\n\n<li><a href='?page_no=20912'>20912<\/a><\/li>\n\n\n\n<li><a href='?page_no=20913'>20913<\/a><\/li>\n\n\n\n<li><a>...<\/a><\/li>\n\n\n\n<li><a href='?page_no=22522'>22522<\/a><\/li>\n\n\n\n<li><a href='?page_no=22523'>22523<\/a><\/li>\n\n    \n\t\n\n<li >\n\t<a href='?page_no=20912'>Next<\/a>\n\t<\/li>\n\n\n    \n\n<li><a href='?page_no=22523'>Last &rsaquo;&rsaquo;<\/a><\/li>\n\n<\/ul>\n\n\n--><br \/>\n<\/body><\/p>\n","protected":false},"excerpt":{"rendered":"<p>78 pertenecen a postgrado &#13; LA UAPA CELEBRA XXI GRADUACION CON 456 NUEVOS PROFESIONALES &#13; La ceremonia cont\u00f3 con la presencia de la secretaria\u00a0 de estado de educaci\u00f3n superior Ligia Amada Melo &#13; SANTIAGO.- \u00a0La primera instituci\u00f3n superior de educaci\u00f3n a distancia, la Universidad Abierta para Adultos (UAPA), invisti\u00f3 456 nuevos profesionales en carreras y [&hellip;]<\/p>\n","protected":false},"author":3,"featured_media":0,"comment_status":"open","ping_status":"open","sticky":false,"template":"","format":"standard","meta":{"footnotes":""},"categories":[25],"tags":[],"class_list":["post-92289","post","type-post","status-publish","format-standard","hentry","category-gente"],"_links":{"self":[{"href":"https:\/\/diariodominicano.com\/index.php?rest_route=\/wp\/v2\/posts\/92289","targetHints":{"allow":["GET"]}}],"collection":[{"href":"https:\/\/diariodominicano.com\/index.php?rest_route=\/wp\/v2\/posts"}],"about":[{"href":"https:\/\/diariodominicano.com\/index.php?rest_route=\/wp\/v2\/types\/post"}],"author":[{"embeddable":true,"href":"https:\/\/diariodominicano.com\/index.php?rest_route=\/wp\/v2\/users\/3"}],"replies":[{"embeddable":true,"href":"https:\/\/diariodominicano.com\/index.php?rest_route=%2Fwp%2Fv2%2Fcomments&post=92289"}],"version-history":[{"count":0,"href":"https:\/\/diariodominicano.com\/index.php?rest_route=\/wp\/v2\/posts\/92289\/revisions"}],"wp:attachment":[{"href":"https:\/\/diariodominicano.com\/index.php?rest_route=%2Fwp%2Fv2%2Fmedia&parent=92289"}],"wp:term":[{"taxonomy":"category","embeddable":true,"href":"https:\/\/diariodominicano.com\/index.php?rest_route=%2Fwp%2Fv2%2Fcategories&post=92289"},{"taxonomy":"post_tag","embeddable":true,"href":"https:\/\/diariodominicano.com\/index.php?rest_route=%2Fwp%2Fv2%2Ftags&post=92289"}],"curies":[{"name":"wp","href":"https:\/\/api.w.org\/{rel}","templated":true}]}}