{"id":92288,"date":"2008-10-14T23:57:34","date_gmt":"2008-10-14T23:57:34","guid":{"rendered":"http:\/\/diariodominicano.ddns.net\/?p=92288"},"modified":"2008-10-14T23:57:34","modified_gmt":"2008-10-14T23:57:34","slug":"el-higuero-estrena-nuevo-formato","status":"publish","type":"post","link":"https:\/\/diariodominicano.com\/?p=92288","title":{"rendered":"El Hig\u00fcero estrena nuevo formato"},"content":{"rendered":"<p><body><\/p>\n<p align=\"center\" class=\"titulogrande1\"><strong>El Hig\u00fcero  estrena nuevo formato<\/strong><\/p>\n<p>&#13;<\/p>\n<p align=\"justify\" class=\"text1noticias\"><strong>SANTO DOMINGO<\/strong>&#8211; El  peri\u00f3dico digital El Hig\u00fcero informa a la opini\u00f3n p\u00fablica y todos sus lectores  que con el prop\u00f3sito de brindar un mejor servicio y mayor cobertura informativa  fue objeto de cambios importantes en su formato.<br \/>&#13;<br \/>\n  <br \/>&#13;<br \/>\n  Este medio  electr\u00f3nico que cubre las actividades e informaciones de la provincia de Santo  Domingo, a partir de su nuevo formato permitir\u00e1 a sus lectores visualizar  mejores im\u00e1genes y una lectura m\u00e1s \u00e1gil de su contenido informativo.<br \/>&#13;<br \/>\n  <br \/>&#13;<br \/>\n  El director del  peri\u00f3dico digital, periodista Santo Asencio, explic\u00f3 durante una rueda de  prensa, que a partir de este momento el p\u00fablico puede accesar al medio  informativo a trav\u00e9s de las direcciones <strong>elhiguero.net,  elhiguero.com.do y elhiguero.com.<\/strong><br \/>&#13;<br \/>\n  <br \/>&#13;<br \/>\n  Explic\u00f3 que  adem\u00e1s de las secciones de pol\u00edtica, salud, medio ambiente, municipales,  entrevistas, modas, religi\u00f3n, negocios, espect\u00e1culos, se agregan Mundo y  Latinoam\u00e9rica, lo que permitir\u00e1 ofrecer informaciones internacionales de \u00faltimo  minuto.<br \/>&#13;<br \/>\n  <br \/>&#13;<br \/>\n  El veterano comunicador dijo que todos estos cambios  realizado al higuero.com.do obedecen al inter\u00e9s de hacer este medio cada vez  m\u00e1s competitivo, ante el auge de los peri\u00f3dicos electr\u00f3nicos locales y otros  pa\u00edses, para orgullo de todos los sectores que habitan en la mayor provincia de  Rep\u00fablica Dominicana.<\/p>\n<p>&#13;<\/p>\n<h6> 2008-10-14 23:57:34 <\/h6>\n<p><!--\n<link rel=\"stylesheet\" href=\"css\/bootstrap.min.css\">\n\n\n<ul class=\"pagination\">\n\t    \n\t\n\n<li >\n\t<a href='?page_no=20909'>Previous<\/a>\n\t<\/li>\n\n\n       \n    \n\n<li><a href='?page_no=1'>1<\/a><\/li>\n\n\n\n<li><a href='?page_no=2'>2<\/a><\/li>\n\n\n\n<li><a>...<\/a><\/li>\n\n\n\n<li><a href='?page_no=20908'>20908<\/a><\/li>\n\n\n\n<li><a href='?page_no=20909'>20909<\/a><\/li>\n\n\n\n<li class='active'><a>20910<\/a><\/li>\n\n\n\n<li><a href='?page_no=20911'>20911<\/a><\/li>\n\n\n\n<li><a href='?page_no=20912'>20912<\/a><\/li>\n\n\n\n<li><a>...<\/a><\/li>\n\n\n\n<li><a href='?page_no=22522'>22522<\/a><\/li>\n\n\n\n<li><a href='?page_no=22523'>22523<\/a><\/li>\n\n    \n\t\n\n<li >\n\t<a href='?page_no=20911'>Next<\/a>\n\t<\/li>\n\n\n    \n\n<li><a href='?page_no=22523'>Last &rsaquo;&rsaquo;<\/a><\/li>\n\n<\/ul>\n\n\n--><br \/>\n<\/body><\/p>\n","protected":false},"excerpt":{"rendered":"<p>El Hig\u00fcero estrena nuevo formato &#13; SANTO DOMINGO&#8211; El peri\u00f3dico digital El Hig\u00fcero informa a la opini\u00f3n p\u00fablica y todos sus lectores que con el prop\u00f3sito de brindar un mejor servicio y mayor cobertura informativa fue objeto de cambios importantes en su formato.&#13; &#13; Este medio electr\u00f3nico que cubre las actividades e informaciones de la [&hellip;]<\/p>\n","protected":false},"author":3,"featured_media":0,"comment_status":"open","ping_status":"open","sticky":false,"template":"","format":"standard","meta":{"footnotes":""},"categories":[25],"tags":[],"class_list":["post-92288","post","type-post","status-publish","format-standard","hentry","category-gente"],"_links":{"self":[{"href":"https:\/\/diariodominicano.com\/index.php?rest_route=\/wp\/v2\/posts\/92288","targetHints":{"allow":["GET"]}}],"collection":[{"href":"https:\/\/diariodominicano.com\/index.php?rest_route=\/wp\/v2\/posts"}],"about":[{"href":"https:\/\/diariodominicano.com\/index.php?rest_route=\/wp\/v2\/types\/post"}],"author":[{"embeddable":true,"href":"https:\/\/diariodominicano.com\/index.php?rest_route=\/wp\/v2\/users\/3"}],"replies":[{"embeddable":true,"href":"https:\/\/diariodominicano.com\/index.php?rest_route=%2Fwp%2Fv2%2Fcomments&post=92288"}],"version-history":[{"count":0,"href":"https:\/\/diariodominicano.com\/index.php?rest_route=\/wp\/v2\/posts\/92288\/revisions"}],"wp:attachment":[{"href":"https:\/\/diariodominicano.com\/index.php?rest_route=%2Fwp%2Fv2%2Fmedia&parent=92288"}],"wp:term":[{"taxonomy":"category","embeddable":true,"href":"https:\/\/diariodominicano.com\/index.php?rest_route=%2Fwp%2Fv2%2Fcategories&post=92288"},{"taxonomy":"post_tag","embeddable":true,"href":"https:\/\/diariodominicano.com\/index.php?rest_route=%2Fwp%2Fv2%2Ftags&post=92288"}],"curies":[{"name":"wp","href":"https:\/\/api.w.org\/{rel}","templated":true}]}}