{"id":92287,"date":"2008-10-15T00:06:55","date_gmt":"2008-10-15T00:06:55","guid":{"rendered":"http:\/\/diariodominicano.ddns.net\/?p=92287"},"modified":"2008-10-15T00:06:55","modified_gmt":"2008-10-15T00:06:55","slug":"personalidades-presidiran-apertura-centro-asturiano-el-proximo-domingo-2","status":"publish","type":"post","link":"https:\/\/diariodominicano.com\/?p=92287","title":{"rendered":"Personalidades presidir\u00e1n apertura Centro Asturiano, el pr\u00f3ximo domingo"},"content":{"rendered":"<p><body><\/p>\n<p class=\"titulogrande1\"><strong>Personalidades  presidir\u00e1n apertura Centro Asturiano, el pr\u00f3ximo domingo<\/strong><\/p>\n<p>&#13;<\/p>\n<p align=\"justify\"><img loading=\"lazy\" decoding=\"async\" src=\"http:\/\/localhost:8080\/gente\/img\/centro astur.jpg\" width=\"375\" height=\"3063\" hspace=\"4\" align=\"left\" \/><span class=\"text1noticias\">Con la presencia de diplom\u00e1ticos, consejeros y organismos de cooperaci\u00f3n de  Espa\u00f1a ser\u00e1 inaugurado el pr\u00f3ximo domingo 19, a las 12 del mediod\u00eda, el Centro  Asturiano de Santo Domingo, que pretende constituirse en un espacio para la  promoci\u00f3n de esa cultura y en un lugar de encuentro de esta pujante comunidad  radicada en el pa\u00eds. <\/span><\/p>\n<p>&#13;<\/p>\n<p align=\"justify\" class=\"text1noticias\">La actividad fue anunciada este lunes, en el marco de un encuentro efectuado en  el Centro Asturiano, de la avenida Bol\u00edvar, n\u00famero 58 en Gazcue, encabezada por  Rafael Rodr\u00edguez Garc\u00eda, presidente de la junta directiva del centro y C\u00e1ndido  Quiroga San Miguel, vicepresidente, entre otros.<\/p>\n<p>&#13;<\/p>\n<p align=\"justify\" class=\"text1noticias\">El se\u00f1or Rodr\u00edguez Garc\u00eda indic\u00f3 que la inauguraci\u00f3n se iniciar\u00e1 con una misa  en acci\u00f3n de gracia por haber logrado esta importante obra.<\/p>\n<p>&#13;<\/p>\n<p align=\"justify\" class=\"text1noticias\">Indic\u00f3 que el nuevo centro est\u00e1 ubicado en la avenida Bol\u00edvar n\u00famero 58, en  Gazcue, y que el mismo ser\u00e1 una muestra de Asturias en el pa\u00eds, donde se  resaltar\u00e1 la gastronom\u00eda, cultura, historia, los paisajes marinos o de monta\u00f1a,  la ciudad capital, Oviedo, Escoba de Plata, esta \u00faltima por ser siempre limpia  e hist\u00f3rica conservada.<\/p>\n<p>&#13;<\/p>\n<p align=\"justify\" class=\"text1noticias\">Inform\u00f3 que a la actividad asistir\u00e1n don Valent\u00edn Ru\u00edz, viceconsejero de  seguridad, emigraci\u00f3n y cooperaci\u00f3n al desarrollo de Asturias; don Manuel P\u00e9rez  de la Cera, presidente del Consejo de Comunidades Asturianas; Aida Fern\u00e1ndez  \u00c1lvarez, directora para Iberoam\u00e9rica del Instituto  de Desarrollo Econ\u00f3mico del Principado de Asturias (IDEPA).<\/p>\n<p>&#13;<\/p>\n<p align=\"justify\" class=\"text1noticias\">El se\u00f1or Rodr\u00edguez Garc\u00eda manifest\u00f3 que la construcci\u00f3n de este edificio fue el  resultado de a\u00f1os de sacrificios, ilusiones y promesas, de trabajo callado y de  reuniones llena de recuerdos y a\u00f1oranzas.<br \/>&#13;<br \/>\n  <br \/>&#13;<br \/>\nInform\u00f3 que del tes\u00f3n de los directivos, el orgullo \u00abMade in Asturias\u00bb,  expresados en paisanos nobles, ven cumplido uno de sus sue\u00f1os, con la  construcci\u00f3n de su local.<\/p>\n<p>&#13;<\/p>\n<p align=\"justify\" class=\"text1noticias\">Explic\u00f3 que Gij\u00f3n en Asturias es cuna de marineros y pescadores, de  sider\u00fargicos o mineros de La Camocha, y es hoy en d\u00eda la poblaci\u00f3n con el mayor  n\u00famero de habitantes del Principado de Asturias.<\/p>\n<p>&#13;<\/p>\n<p align=\"justify\" class=\"text1noticias\">Resalt\u00f3 que el  Principado de Asturias es reconocido mundialmente por sus \u00abPremios  Pr\u00edncipe de Asturias\u00bb, que se entrega todos los a\u00f1os en el Teatro  Campoamor de Oviedo, por el pr\u00edncipe Felipe, heredero de la Corona y casado con  una asturiana, la princesa Leticia.<\/p>\n<p>&#13;<\/p>\n<h6> 2008-10-15 00:06:55 <\/h6>\n<p><!--\n<link rel=\"stylesheet\" href=\"css\/bootstrap.min.css\">\n\n\n<ul class=\"pagination\">\n\t    \n\t\n\n<li >\n\t<a href='?page_no=20908'>Previous<\/a>\n\t<\/li>\n\n\n       \n    \n\n<li><a href='?page_no=1'>1<\/a><\/li>\n\n\n\n<li><a href='?page_no=2'>2<\/a><\/li>\n\n\n\n<li><a>...<\/a><\/li>\n\n\n\n<li><a href='?page_no=20907'>20907<\/a><\/li>\n\n\n\n<li><a href='?page_no=20908'>20908<\/a><\/li>\n\n\n\n<li class='active'><a>20909<\/a><\/li>\n\n\n\n<li><a href='?page_no=20910'>20910<\/a><\/li>\n\n\n\n<li><a href='?page_no=20911'>20911<\/a><\/li>\n\n\n\n<li><a>...<\/a><\/li>\n\n\n\n<li><a href='?page_no=22522'>22522<\/a><\/li>\n\n\n\n<li><a href='?page_no=22523'>22523<\/a><\/li>\n\n    \n\t\n\n<li >\n\t<a href='?page_no=20910'>Next<\/a>\n\t<\/li>\n\n\n    \n\n<li><a href='?page_no=22523'>Last &rsaquo;&rsaquo;<\/a><\/li>\n\n<\/ul>\n\n\n--><br \/>\n<\/body><\/p>\n","protected":false},"excerpt":{"rendered":"<p>Personalidades presidir\u00e1n apertura Centro Asturiano, el pr\u00f3ximo domingo &#13; Con la presencia de diplom\u00e1ticos, consejeros y organismos de cooperaci\u00f3n de Espa\u00f1a ser\u00e1 inaugurado el pr\u00f3ximo domingo 19, a las 12 del mediod\u00eda, el Centro Asturiano de Santo Domingo, que pretende constituirse en un espacio para la promoci\u00f3n de esa cultura y en un lugar de [&hellip;]<\/p>\n","protected":false},"author":3,"featured_media":0,"comment_status":"open","ping_status":"open","sticky":false,"template":"","format":"standard","meta":{"footnotes":""},"categories":[25],"tags":[],"class_list":["post-92287","post","type-post","status-publish","format-standard","hentry","category-gente"],"_links":{"self":[{"href":"https:\/\/diariodominicano.com\/index.php?rest_route=\/wp\/v2\/posts\/92287","targetHints":{"allow":["GET"]}}],"collection":[{"href":"https:\/\/diariodominicano.com\/index.php?rest_route=\/wp\/v2\/posts"}],"about":[{"href":"https:\/\/diariodominicano.com\/index.php?rest_route=\/wp\/v2\/types\/post"}],"author":[{"embeddable":true,"href":"https:\/\/diariodominicano.com\/index.php?rest_route=\/wp\/v2\/users\/3"}],"replies":[{"embeddable":true,"href":"https:\/\/diariodominicano.com\/index.php?rest_route=%2Fwp%2Fv2%2Fcomments&post=92287"}],"version-history":[{"count":0,"href":"https:\/\/diariodominicano.com\/index.php?rest_route=\/wp\/v2\/posts\/92287\/revisions"}],"wp:attachment":[{"href":"https:\/\/diariodominicano.com\/index.php?rest_route=%2Fwp%2Fv2%2Fmedia&parent=92287"}],"wp:term":[{"taxonomy":"category","embeddable":true,"href":"https:\/\/diariodominicano.com\/index.php?rest_route=%2Fwp%2Fv2%2Fcategories&post=92287"},{"taxonomy":"post_tag","embeddable":true,"href":"https:\/\/diariodominicano.com\/index.php?rest_route=%2Fwp%2Fv2%2Ftags&post=92287"}],"curies":[{"name":"wp","href":"https:\/\/api.w.org\/{rel}","templated":true}]}}