{"id":92284,"date":"2008-10-15T17:15:45","date_gmt":"2008-10-15T17:15:45","guid":{"rendered":"http:\/\/diariodominicano.ddns.net\/?p=92284"},"modified":"2008-10-15T17:15:45","modified_gmt":"2008-10-15T17:15:45","slug":"wason-brazoban-reconocido-en-puerto-rico","status":"publish","type":"post","link":"https:\/\/diariodominicano.com\/?p=92284","title":{"rendered":"Wason Brazob\u00e1n reconocido en Puerto Rico"},"content":{"rendered":"<p><body><\/p>\n<p class=\"titulogrande1\"><strong>Wason Brazob\u00e1n reconocido  en Puerto Rico<\/strong><\/p>\n<p>&#13;<\/p>\n<p align=\"justify\" class=\"text1noticias\"><img loading=\"lazy\" decoding=\"async\" src=\"http:\/\/localhost:8080\/gente\/img\/waso premi.jpg\" width=\"375\" height=\"281\" hspace=\"4\" align=\"left\" \/>Miami, FL, 15 de octubre  del 2008.- El presente a\u00f1o ha sido victorioso para el despegue de la carrera  del talentoso int\u00e9rprete dominicano Wason Brazob\u00e1n, convirti\u00e9ndose en una  verdadera estrella internacional. En d\u00edas pasados recibi\u00f3 en Puerto Rico, de  manos del alcalde de San Juan, Jorge Santini, un pergamino que reconoce sus  aportes a la cultura.<br \/>&#13;<br \/>\n  \u00a0 <br \/>&#13;<br \/>\n  Wason regres\u00f3 por segunda  vez a la isla para presentarse en la \u201cParada Dominicana y el 8vo Festival de la Hispanidad de Puerto  Rico\u201d, actividad que fue nombrado por segundo a\u00f1o consecutivo como \u201cPadrino de la Juventud\u201d.<br \/>&#13;<br \/>\n  \u00a0<br \/>&#13;<br \/>\n  \u201cA este pa\u00eds lo llevo en  el alma y regresar\u00e9 muy pronto para compartir con mis hermanos boricuas todo el  sentimiento que expreso en cada una de mis composiciones\u00bb, declar\u00f3 el  autor del tema \u201cEn un solo d\u00eda\u201d.<br \/>&#13;<br \/>\n  \u00a0 <br \/>&#13;<br \/>\n  En esta actividad tambi\u00e9n  participaron personalidades del espect\u00e1culo y del \u00e1mbito deportivo tales como  Daddy Yankee, Miguelito, Iv\u00e1n Calder\u00f3n, los boxeadores Hermanos L\u00f3pez y los  medallistas ol\u00edmpicos dominicanos F\u00e9lix D\u00edaz y Gabriel Mercedes.<br \/>&#13;<br \/>\n  \u00a0<br \/>&#13;<br \/>\nBrazob\u00e1n, contin\u00faa con la  gira de promoci\u00f3n de su m\u00e1s reciente disco \u201cArmadura de Rosas\u201d, present\u00e1ndose  en Paraguay y luego en el Concierto de la Solidaridad, a  celebrarse el pr\u00f3ximo 25 de octubre en Ciudad de Guatemala junto a artistas  como Flex, Luis Enrique, Jon Secada, El Jeffrey, entre otros artistas.<\/p>\n<p>&#13;<\/p>\n<h6> 2008-10-15 17:15:45 <\/h6>\n<p><!--\n<link rel=\"stylesheet\" href=\"css\/bootstrap.min.css\">\n\n\n<ul class=\"pagination\">\n\t    \n\t\n\n<li >\n\t<a href='?page_no=20905'>Previous<\/a>\n\t<\/li>\n\n\n       \n    \n\n<li><a href='?page_no=1'>1<\/a><\/li>\n\n\n\n<li><a href='?page_no=2'>2<\/a><\/li>\n\n\n\n<li><a>...<\/a><\/li>\n\n\n\n<li><a href='?page_no=20904'>20904<\/a><\/li>\n\n\n\n<li><a href='?page_no=20905'>20905<\/a><\/li>\n\n\n\n<li class='active'><a>20906<\/a><\/li>\n\n\n\n<li><a href='?page_no=20907'>20907<\/a><\/li>\n\n\n\n<li><a href='?page_no=20908'>20908<\/a><\/li>\n\n\n\n<li><a>...<\/a><\/li>\n\n\n\n<li><a href='?page_no=22522'>22522<\/a><\/li>\n\n\n\n<li><a href='?page_no=22523'>22523<\/a><\/li>\n\n    \n\t\n\n<li >\n\t<a href='?page_no=20907'>Next<\/a>\n\t<\/li>\n\n\n    \n\n<li><a href='?page_no=22523'>Last &rsaquo;&rsaquo;<\/a><\/li>\n\n<\/ul>\n\n\n--><br \/>\n<\/body><\/p>\n","protected":false},"excerpt":{"rendered":"<p>Wason Brazob\u00e1n reconocido en Puerto Rico &#13; Miami, FL, 15 de octubre del 2008.- El presente a\u00f1o ha sido victorioso para el despegue de la carrera del talentoso int\u00e9rprete dominicano Wason Brazob\u00e1n, convirti\u00e9ndose en una verdadera estrella internacional. En d\u00edas pasados recibi\u00f3 en Puerto Rico, de manos del alcalde de San Juan, Jorge Santini, un [&hellip;]<\/p>\n","protected":false},"author":3,"featured_media":0,"comment_status":"open","ping_status":"open","sticky":false,"template":"","format":"standard","meta":{"footnotes":""},"categories":[25],"tags":[],"class_list":["post-92284","post","type-post","status-publish","format-standard","hentry","category-gente"],"_links":{"self":[{"href":"https:\/\/diariodominicano.com\/index.php?rest_route=\/wp\/v2\/posts\/92284","targetHints":{"allow":["GET"]}}],"collection":[{"href":"https:\/\/diariodominicano.com\/index.php?rest_route=\/wp\/v2\/posts"}],"about":[{"href":"https:\/\/diariodominicano.com\/index.php?rest_route=\/wp\/v2\/types\/post"}],"author":[{"embeddable":true,"href":"https:\/\/diariodominicano.com\/index.php?rest_route=\/wp\/v2\/users\/3"}],"replies":[{"embeddable":true,"href":"https:\/\/diariodominicano.com\/index.php?rest_route=%2Fwp%2Fv2%2Fcomments&post=92284"}],"version-history":[{"count":0,"href":"https:\/\/diariodominicano.com\/index.php?rest_route=\/wp\/v2\/posts\/92284\/revisions"}],"wp:attachment":[{"href":"https:\/\/diariodominicano.com\/index.php?rest_route=%2Fwp%2Fv2%2Fmedia&parent=92284"}],"wp:term":[{"taxonomy":"category","embeddable":true,"href":"https:\/\/diariodominicano.com\/index.php?rest_route=%2Fwp%2Fv2%2Fcategories&post=92284"},{"taxonomy":"post_tag","embeddable":true,"href":"https:\/\/diariodominicano.com\/index.php?rest_route=%2Fwp%2Fv2%2Ftags&post=92284"}],"curies":[{"name":"wp","href":"https:\/\/api.w.org\/{rel}","templated":true}]}}