{"id":92283,"date":"2008-10-15T17:26:08","date_gmt":"2008-10-15T17:26:08","guid":{"rendered":"http:\/\/diariodominicano.ddns.net\/?p=92283"},"modified":"2008-10-15T17:26:08","modified_gmt":"2008-10-15T17:26:08","slug":"esta-semana-en-times-tv-2","status":"publish","type":"post","link":"https:\/\/diariodominicano.com\/?p=92283","title":{"rendered":"Esta semana en Times TV"},"content":{"rendered":"<p><body><\/p>\n<p class=\"titulogrande1\"><strong>Esta semana en Times TV<\/strong><\/p>\n<p>&#13;<\/p>\n<p align=\"justify\" class=\"text1noticias\"><img loading=\"lazy\" decoding=\"async\" src=\"http:\/\/localhost:8080\/gente\/img\/ame ken.jpg\" width=\"375\" height=\"1042\" hspace=\"4\" align=\"left\" \/>Les presentamos el behind  de la sesi\u00f3n de fotos de nuestra chica de portada La Reina Amelia Vega. Estuvimos en la rueda de  prensa de Annie, una obra espectacular que ya esta en cartelera en nuestra  ciudad, y les presentamos todos los detalles.<\/p>\n<p>&#13;<\/p>\n<p align=\"justify\" class=\"text1noticias\">Adem\u00e1s el caza talentos  Sandro Guzm\u00e1n, nos habla del boom de las modelos dominicanas a nivel  internacional. La joven dise\u00f1adora  Yeirania Fr\u00edas nos cuenta como logr\u00f3 todo un sue\u00f1o realidad.<\/p>\n<p>&#13;<\/p>\n<p align=\"justify\" class=\"text1noticias\">Y no se puede perder la  entrevista que le realizamos a la guapa conejita de Playboy Kendra Wilkinson.<\/p>\n<p>&#13;<\/p>\n<p align=\"justify\" class=\"text1noticias\">M\u00e1s diversi\u00f3n, m\u00e1s  sociales, esta semana en Times TV. Los s\u00e1bados a las 9:00 p.m., por Telecentro  Canal 13, y los domingos a la 1:30 p.m. por RNN Canal 27.<\/p>\n<p>&#13;<\/p>\n<h6> 2008-10-15 17:26:08 <\/h6>\n<p><!--\n<link rel=\"stylesheet\" href=\"css\/bootstrap.min.css\">\n\n\n<ul class=\"pagination\">\n\t    \n\t\n\n<li >\n\t<a href='?page_no=20904'>Previous<\/a>\n\t<\/li>\n\n\n       \n    \n\n<li><a href='?page_no=1'>1<\/a><\/li>\n\n\n\n<li><a href='?page_no=2'>2<\/a><\/li>\n\n\n\n<li><a>...<\/a><\/li>\n\n\n\n<li><a href='?page_no=20903'>20903<\/a><\/li>\n\n\n\n<li><a href='?page_no=20904'>20904<\/a><\/li>\n\n\n\n<li class='active'><a>20905<\/a><\/li>\n\n\n\n<li><a href='?page_no=20906'>20906<\/a><\/li>\n\n\n\n<li><a href='?page_no=20907'>20907<\/a><\/li>\n\n\n\n<li><a>...<\/a><\/li>\n\n\n\n<li><a href='?page_no=22522'>22522<\/a><\/li>\n\n\n\n<li><a href='?page_no=22523'>22523<\/a><\/li>\n\n    \n\t\n\n<li >\n\t<a href='?page_no=20906'>Next<\/a>\n\t<\/li>\n\n\n    \n\n<li><a href='?page_no=22523'>Last &rsaquo;&rsaquo;<\/a><\/li>\n\n<\/ul>\n\n\n--><br \/>\n<\/body><\/p>\n","protected":false},"excerpt":{"rendered":"<p>Esta semana en Times TV &#13; Les presentamos el behind de la sesi\u00f3n de fotos de nuestra chica de portada La Reina Amelia Vega. Estuvimos en la rueda de prensa de Annie, una obra espectacular que ya esta en cartelera en nuestra ciudad, y les presentamos todos los detalles. &#13; Adem\u00e1s el caza talentos Sandro [&hellip;]<\/p>\n","protected":false},"author":3,"featured_media":0,"comment_status":"open","ping_status":"open","sticky":false,"template":"","format":"standard","meta":{"footnotes":""},"categories":[25],"tags":[],"class_list":["post-92283","post","type-post","status-publish","format-standard","hentry","category-gente"],"_links":{"self":[{"href":"https:\/\/diariodominicano.com\/index.php?rest_route=\/wp\/v2\/posts\/92283","targetHints":{"allow":["GET"]}}],"collection":[{"href":"https:\/\/diariodominicano.com\/index.php?rest_route=\/wp\/v2\/posts"}],"about":[{"href":"https:\/\/diariodominicano.com\/index.php?rest_route=\/wp\/v2\/types\/post"}],"author":[{"embeddable":true,"href":"https:\/\/diariodominicano.com\/index.php?rest_route=\/wp\/v2\/users\/3"}],"replies":[{"embeddable":true,"href":"https:\/\/diariodominicano.com\/index.php?rest_route=%2Fwp%2Fv2%2Fcomments&post=92283"}],"version-history":[{"count":0,"href":"https:\/\/diariodominicano.com\/index.php?rest_route=\/wp\/v2\/posts\/92283\/revisions"}],"wp:attachment":[{"href":"https:\/\/diariodominicano.com\/index.php?rest_route=%2Fwp%2Fv2%2Fmedia&parent=92283"}],"wp:term":[{"taxonomy":"category","embeddable":true,"href":"https:\/\/diariodominicano.com\/index.php?rest_route=%2Fwp%2Fv2%2Fcategories&post=92283"},{"taxonomy":"post_tag","embeddable":true,"href":"https:\/\/diariodominicano.com\/index.php?rest_route=%2Fwp%2Fv2%2Ftags&post=92283"}],"curies":[{"name":"wp","href":"https:\/\/api.w.org\/{rel}","templated":true}]}}