{"id":92281,"date":"2008-10-15T20:33:47","date_gmt":"2008-10-15T20:33:47","guid":{"rendered":"http:\/\/diariodominicano.ddns.net\/?p=92281"},"modified":"2008-10-15T20:33:47","modified_gmt":"2008-10-15T20:33:47","slug":"felix-cabrera-aclara-no-he-contratado-a-luis-miguel-este-ano","status":"publish","type":"post","link":"https:\/\/diariodominicano.com\/?p=92281","title":{"rendered":"F\u00e9lix Cabrera aclara: \u00abNo he contratado a Luis Miguel este a\u00f1o\u00bb"},"content":{"rendered":"<p><body><\/p>\n<h3 class=\"titulogrande1\">F\u00e9lix Cabrera aclara:  \u00abNo he contratado a Luis Miguel este a\u00f1o\u00bb <\/h3>\n<p>&#13;<\/p>\n<p align=\"justify\" class=\"text1noticias\"><img loading=\"lazy\" decoding=\"async\" src=\"http:\/\/localhost:8080\/gente\/img\/feli cabrera.jpg\" width=\"375\" height=\"466\" hspace=\"4\" align=\"left\" \/>Contrario a las informaciones suministradas por  diferentes medios en los \u00faltimos d\u00edas, donde se se\u00f1ala la cancelaci\u00f3n de un  supuesto espect\u00e1culo de Luis Miguel por el empresario y promotor de eventos  F\u00e9lix Cabrera, su oficina aclar\u00f3 aclar\u00f3 hoy que el empresario no tiene ninguna  relaci\u00f3n contractual este a\u00f1o con el artista mexicano. <br \/>&#13;<br \/>\n  <br \/>&#13;<br \/>\n  Cabrera manifest\u00f3 que todo se debi\u00f3 a una mala  interpretaci\u00f3n en una entrevista donde se hac\u00eda p\u00fablico que la situaci\u00f3n  econ\u00f3mica actual en el mundo ha llevado a la cancelaci\u00f3n de varios eventos  art\u00edsticos, dentro de los cuales se encontraba un concierto que \u00e9ste estaba  produciendo con el bachatero dominicano Antony Santos el d\u00eda 1 de noviembre en  el Madison Square Garden de New York . <br \/>&#13;<br \/>\n  <br \/>\u00abQued\u00e9 muy sorprendido cuando me enter\u00e9 que los  medios de comunicaci\u00f3n estaban anunciando que yo cancel\u00e9 un supuesto show de  Luis Miguel en la ciudad de New York. Yo ten\u00eda la fecha del 1 de noviembre  separada para hacer un show con Antony Santos y la fecha en la que Luis Miguel  est\u00e1 en el Madison es el 31 de Octubre\u00bb, dijo Cabrera. <br \/>&#13;<br \/>\n  <br \/>&#13;<br \/>\nEl exitoso empresario aclar\u00f3 que \u00abno tengo nada  que ver con el show de Luis Miguel en el Madison y al parecer una mala  interpretaci\u00f3n por el medio que lo escribi\u00f3 fue lo que lleg\u00f3 a relacionarme con  este evento. Tengo 20 a\u00f1os produciendo espect\u00e1culos alrededor del mundo, con  los artistas m\u00e1s reconocidos y no ser\u00eda capaz de decir algo que perjudique mi  nombre y menos el de uno de los artistas que m\u00e1s admiro\u00bb.<br \/>&#13;<br \/>\n<br \/>&#13;<br \/>\nF\u00e9lix Cabrera es un empresario dominicano, radicado  en Estados Unidos, con una carrera de m\u00e1s de 25 a\u00f1os en el negocio y un  prestigio ganado e intachable a trav\u00e9s de la presentaci\u00f3n de luminarias como  Julio Iglesias, Ricky Martin, Enrique Iglesias, Marc Anthony, Marco Antonio  Sol\u00eds, Juan Luis Guerra, Juan Gabriel, Ricardo Montaner, Danny Rivera, entre  muchos otros, en escenarios tan importantes como el Madison Square Garden y  Radio City Music Hall de Nueva York y Miami Arena y American Airlines, de  Miami. <\/p>\n<p>&#13;<\/p>\n<h6> 2008-10-15 20:33:47 <\/h6>\n<p><!--\n<link rel=\"stylesheet\" href=\"css\/bootstrap.min.css\">\n\n\n<ul class=\"pagination\">\n\t    \n\t\n\n<li >\n\t<a href='?page_no=20902'>Previous<\/a>\n\t<\/li>\n\n\n       \n    \n\n<li><a href='?page_no=1'>1<\/a><\/li>\n\n\n\n<li><a href='?page_no=2'>2<\/a><\/li>\n\n\n\n<li><a>...<\/a><\/li>\n\n\n\n<li><a href='?page_no=20901'>20901<\/a><\/li>\n\n\n\n<li><a href='?page_no=20902'>20902<\/a><\/li>\n\n\n\n<li class='active'><a>20903<\/a><\/li>\n\n\n\n<li><a href='?page_no=20904'>20904<\/a><\/li>\n\n\n\n<li><a href='?page_no=20905'>20905<\/a><\/li>\n\n\n\n<li><a>...<\/a><\/li>\n\n\n\n<li><a href='?page_no=22522'>22522<\/a><\/li>\n\n\n\n<li><a href='?page_no=22523'>22523<\/a><\/li>\n\n    \n\t\n\n<li >\n\t<a href='?page_no=20904'>Next<\/a>\n\t<\/li>\n\n\n    \n\n<li><a href='?page_no=22523'>Last &rsaquo;&rsaquo;<\/a><\/li>\n\n<\/ul>\n\n\n--><br \/>\n<\/body><\/p>\n","protected":false},"excerpt":{"rendered":"<p>F\u00e9lix Cabrera aclara: \u00abNo he contratado a Luis Miguel este a\u00f1o\u00bb &#13; Contrario a las informaciones suministradas por diferentes medios en los \u00faltimos d\u00edas, donde se se\u00f1ala la cancelaci\u00f3n de un supuesto espect\u00e1culo de Luis Miguel por el empresario y promotor de eventos F\u00e9lix Cabrera, su oficina aclar\u00f3 aclar\u00f3 hoy que el empresario no tiene [&hellip;]<\/p>\n","protected":false},"author":3,"featured_media":0,"comment_status":"open","ping_status":"open","sticky":false,"template":"","format":"standard","meta":{"footnotes":""},"categories":[25],"tags":[],"class_list":["post-92281","post","type-post","status-publish","format-standard","hentry","category-gente"],"_links":{"self":[{"href":"https:\/\/diariodominicano.com\/index.php?rest_route=\/wp\/v2\/posts\/92281","targetHints":{"allow":["GET"]}}],"collection":[{"href":"https:\/\/diariodominicano.com\/index.php?rest_route=\/wp\/v2\/posts"}],"about":[{"href":"https:\/\/diariodominicano.com\/index.php?rest_route=\/wp\/v2\/types\/post"}],"author":[{"embeddable":true,"href":"https:\/\/diariodominicano.com\/index.php?rest_route=\/wp\/v2\/users\/3"}],"replies":[{"embeddable":true,"href":"https:\/\/diariodominicano.com\/index.php?rest_route=%2Fwp%2Fv2%2Fcomments&post=92281"}],"version-history":[{"count":0,"href":"https:\/\/diariodominicano.com\/index.php?rest_route=\/wp\/v2\/posts\/92281\/revisions"}],"wp:attachment":[{"href":"https:\/\/diariodominicano.com\/index.php?rest_route=%2Fwp%2Fv2%2Fmedia&parent=92281"}],"wp:term":[{"taxonomy":"category","embeddable":true,"href":"https:\/\/diariodominicano.com\/index.php?rest_route=%2Fwp%2Fv2%2Fcategories&post=92281"},{"taxonomy":"post_tag","embeddable":true,"href":"https:\/\/diariodominicano.com\/index.php?rest_route=%2Fwp%2Fv2%2Ftags&post=92281"}],"curies":[{"name":"wp","href":"https:\/\/api.w.org\/{rel}","templated":true}]}}