{"id":92279,"date":"2008-10-15T21:15:12","date_gmt":"2008-10-15T21:15:12","guid":{"rendered":"http:\/\/diariodominicano.ddns.net\/?p=92279"},"modified":"2008-10-15T21:15:12","modified_gmt":"2008-10-15T21:15:12","slug":"a-celebrar-la-navidad-con-el-nuevo-disco-de-gilberto-santa-rosa","status":"publish","type":"post","link":"https:\/\/diariodominicano.com\/?p=92279","title":{"rendered":"A celebrar la navidad con el nuevo disco de Gilberto Santa Rosa"},"content":{"rendered":"<p><body><\/p>\n<p class=\"titulogrande1\">A celebrar la  navidad con el nuevo disco de Gilberto Santa Rosa<\/p>\n<p>&#13;<\/p>\n<p align=\"justify\" class=\"text1noticias\"><img loading=\"lazy\" decoding=\"async\" src=\"http:\/\/localhost:8080\/gente\/img\/navi gilber.jpg\" width=\"375\" height=\"210\" hspace=\"4\" align=\"left\" \/>Miami, FL, 15 de  octubre del 2008.- <strong>Gilberto Santa Rosa<\/strong> ser\u00e1 el ingrediente musical que har\u00e1 inolvidable las pr\u00f3ximas fiestas de fin de  a\u00f1o con su nuevo \u00e1lbum \u201cUna Navidad con Gilberto\u201d, una grabaci\u00f3n que re\u00fane un  excelente repertorio aleg\u00f3rico que en la voz de \u201cEl Caballero de la Salsa\u201d  adquiere nuevas proporciones.<br \/>&#13;<br \/>\n  <br \/>&#13;<br \/>\n  Adem\u00e1s de canciones  nuevas en el repertorio de Santa Rosa, como lo son \u201cUn A\u00f1o Que Se Va\u201d, \u201cLa  Navidad M\u00e1s Larga\u201d, \u201cApaga La Luz\u201d y \u201cLa Medicina\u201d, tambi\u00e9n se incluyeron  composiciones cl\u00e1sicas de la \u00e9poca que se escuchar\u00e1n en la radio como \u201cMe gustan  las Navidades\u201d y \u201cLa Fiesta No Es Para Feos\u201d, entre otras que contiene el \u00e1lbum  que ya est\u00e1 a la venta.<br \/>&#13;<br \/>\n  <br \/>&#13;<br \/>\n  El p\u00fablico podr\u00e1  disfrutar de este esperado \u00e1lbum con el v\u00eddeo musical de la canci\u00f3n \u201cMe gustan  las Navidades\u201d que se grabar\u00e1 en el mes de noviembre.<br \/>&#13;<br \/>\n  <br \/>&#13;<br \/>\n  Gilberto Santa Rosa  disfruta la acogida recibida de su m\u00e1s reciente disco, \u201cContraste\u201d, doblemente  nominado para los Latin GRAMMY\u00ae como \u201cMejor \u00c1lbum Tropical\u201d y \u201cMejor Canci\u00f3n  Tropical\u201d por el tema \u201cConteo Regresivo\u201d.<br \/>&#13;<br \/>\n  <br \/>&#13;<br \/>\n  Como  parte de las promociones programadas para dar a conocer este especial disco  navide\u00f1o, se espera que Santa Rosa realice un especial de televisi\u00f3n, al igual  que una serie de presentaciones en la isla de Puerto Rico.<br \/>&#13;<br \/>\n  <br \/>&#13;<br \/>\n\u201cUna  Navidad con Gilberto\u201d es el disco que no te quieres perder en estas pr\u00f3ximas  fiesta navide\u00f1as y es otro importante lanzamiento de Sony BMG Latin.<\/p>\n<p>&#13;<\/p>\n<h6> 2008-10-15 21:15:12 <\/h6>\n<p><!--\n<link rel=\"stylesheet\" href=\"css\/bootstrap.min.css\">\n\n\n<ul class=\"pagination\">\n\t    \n\t\n\n<li >\n\t<a href='?page_no=20900'>Previous<\/a>\n\t<\/li>\n\n\n       \n    \n\n<li><a href='?page_no=1'>1<\/a><\/li>\n\n\n\n<li><a href='?page_no=2'>2<\/a><\/li>\n\n\n\n<li><a>...<\/a><\/li>\n\n\n\n<li><a href='?page_no=20899'>20899<\/a><\/li>\n\n\n\n<li><a href='?page_no=20900'>20900<\/a><\/li>\n\n\n\n<li class='active'><a>20901<\/a><\/li>\n\n\n\n<li><a href='?page_no=20902'>20902<\/a><\/li>\n\n\n\n<li><a href='?page_no=20903'>20903<\/a><\/li>\n\n\n\n<li><a>...<\/a><\/li>\n\n\n\n<li><a href='?page_no=22522'>22522<\/a><\/li>\n\n\n\n<li><a href='?page_no=22523'>22523<\/a><\/li>\n\n    \n\t\n\n<li >\n\t<a href='?page_no=20902'>Next<\/a>\n\t<\/li>\n\n\n    \n\n<li><a href='?page_no=22523'>Last &rsaquo;&rsaquo;<\/a><\/li>\n\n<\/ul>\n\n\n--><br \/>\n<\/body><\/p>\n","protected":false},"excerpt":{"rendered":"<p>A celebrar la navidad con el nuevo disco de Gilberto Santa Rosa &#13; Miami, FL, 15 de octubre del 2008.- Gilberto Santa Rosa ser\u00e1 el ingrediente musical que har\u00e1 inolvidable las pr\u00f3ximas fiestas de fin de a\u00f1o con su nuevo \u00e1lbum \u201cUna Navidad con Gilberto\u201d, una grabaci\u00f3n que re\u00fane un excelente repertorio aleg\u00f3rico que en [&hellip;]<\/p>\n","protected":false},"author":3,"featured_media":0,"comment_status":"open","ping_status":"open","sticky":false,"template":"","format":"standard","meta":{"footnotes":""},"categories":[25],"tags":[],"class_list":["post-92279","post","type-post","status-publish","format-standard","hentry","category-gente"],"_links":{"self":[{"href":"https:\/\/diariodominicano.com\/index.php?rest_route=\/wp\/v2\/posts\/92279","targetHints":{"allow":["GET"]}}],"collection":[{"href":"https:\/\/diariodominicano.com\/index.php?rest_route=\/wp\/v2\/posts"}],"about":[{"href":"https:\/\/diariodominicano.com\/index.php?rest_route=\/wp\/v2\/types\/post"}],"author":[{"embeddable":true,"href":"https:\/\/diariodominicano.com\/index.php?rest_route=\/wp\/v2\/users\/3"}],"replies":[{"embeddable":true,"href":"https:\/\/diariodominicano.com\/index.php?rest_route=%2Fwp%2Fv2%2Fcomments&post=92279"}],"version-history":[{"count":0,"href":"https:\/\/diariodominicano.com\/index.php?rest_route=\/wp\/v2\/posts\/92279\/revisions"}],"wp:attachment":[{"href":"https:\/\/diariodominicano.com\/index.php?rest_route=%2Fwp%2Fv2%2Fmedia&parent=92279"}],"wp:term":[{"taxonomy":"category","embeddable":true,"href":"https:\/\/diariodominicano.com\/index.php?rest_route=%2Fwp%2Fv2%2Fcategories&post=92279"},{"taxonomy":"post_tag","embeddable":true,"href":"https:\/\/diariodominicano.com\/index.php?rest_route=%2Fwp%2Fv2%2Ftags&post=92279"}],"curies":[{"name":"wp","href":"https:\/\/api.w.org\/{rel}","templated":true}]}}