{"id":92277,"date":"2008-10-15T22:43:17","date_gmt":"2008-10-15T22:43:17","guid":{"rendered":"http:\/\/diariodominicano.ddns.net\/?p=92277"},"modified":"2008-10-15T22:43:17","modified_gmt":"2008-10-15T22:43:17","slug":"jackeline-estevez-ahora-en-bachata","status":"publish","type":"post","link":"https:\/\/diariodominicano.com\/?p=92277","title":{"rendered":"Jackeline Est\u00e9vez, ahora en Bachata"},"content":{"rendered":"<p><body><\/p>\n<p align=\"center\" class=\"titulogrande1\"><strong>Jackeline Est\u00e9vez, ahora en Bachata<\/strong><\/p>\n<p>&#13;<\/p>\n<p align=\"justify\" class=\"text1noticias\">Santo Domingo. Jackeline Est\u00e9vez estrena  nuevo disco. Luego de una exitosa presentaci\u00f3n junto a Dany Daniel en su pueblo  natal, San Francisco de Macor\u00eds, y tras ser coronada madrina de uno de los  eventos m\u00e1s importantes para la comunidad dominicana, como lo fue el desfile  dominicano en la ciudad de Paterson, New Y\u00e9rsey, ahora presenta su nueva  propuesta musical.<br \/>&#13;<br \/>\n  \u00a0<br \/>&#13;<br \/>\n\u00a8En Carne Viva\u00a8 se titula el nuevo sencillo  que la solista promueve en la radio local, el mismo que ocupa los primeros  lugares en las estaciones radiales de Venezuela. El tema es de la autor\u00eda de  Manolo Aldana y cuenta con los arreglos del destacado arreglista dominicano  J\u00fanior Cabrera.<\/p>\n<p>&#13;<\/p>\n<p align=\"justify\" class=\"text1noticias\">Jackeline asegura que este tema encaja a  la perfecci\u00f3n con la realidad que viven muchas mujeres es estos tiempos donde  reina la infidelidad y se impone el machismo, raz\u00f3n por la cual la cantante  considera que \u00e9ste podr\u00eda convertirse en un himno para aquellas que han sido  v\u00edctimas de estos maltratos, tal y como aconteci\u00f3 en Venezuela a pocos d\u00edas de  la salida del disco.\u00a0 <\/p>\n<p>&#13;<\/p>\n<h6> 2008-10-15 22:43:17 <\/h6>\n<p><!--\n<link rel=\"stylesheet\" href=\"css\/bootstrap.min.css\">\n\n\n<ul class=\"pagination\">\n\t    \n\t\n\n<li >\n\t<a href='?page_no=20898'>Previous<\/a>\n\t<\/li>\n\n\n       \n    \n\n<li><a href='?page_no=1'>1<\/a><\/li>\n\n\n\n<li><a href='?page_no=2'>2<\/a><\/li>\n\n\n\n<li><a>...<\/a><\/li>\n\n\n\n<li><a href='?page_no=20897'>20897<\/a><\/li>\n\n\n\n<li><a href='?page_no=20898'>20898<\/a><\/li>\n\n\n\n<li class='active'><a>20899<\/a><\/li>\n\n\n\n<li><a href='?page_no=20900'>20900<\/a><\/li>\n\n\n\n<li><a href='?page_no=20901'>20901<\/a><\/li>\n\n\n\n<li><a>...<\/a><\/li>\n\n\n\n<li><a href='?page_no=22522'>22522<\/a><\/li>\n\n\n\n<li><a href='?page_no=22523'>22523<\/a><\/li>\n\n    \n\t\n\n<li >\n\t<a href='?page_no=20900'>Next<\/a>\n\t<\/li>\n\n\n    \n\n<li><a href='?page_no=22523'>Last &rsaquo;&rsaquo;<\/a><\/li>\n\n<\/ul>\n\n\n--><br \/>\n<\/body><\/p>\n","protected":false},"excerpt":{"rendered":"<p>Jackeline Est\u00e9vez, ahora en Bachata &#13; Santo Domingo. Jackeline Est\u00e9vez estrena nuevo disco. Luego de una exitosa presentaci\u00f3n junto a Dany Daniel en su pueblo natal, San Francisco de Macor\u00eds, y tras ser coronada madrina de uno de los eventos m\u00e1s importantes para la comunidad dominicana, como lo fue el desfile dominicano en la ciudad [&hellip;]<\/p>\n","protected":false},"author":3,"featured_media":0,"comment_status":"open","ping_status":"open","sticky":false,"template":"","format":"standard","meta":{"footnotes":""},"categories":[25],"tags":[],"class_list":["post-92277","post","type-post","status-publish","format-standard","hentry","category-gente"],"_links":{"self":[{"href":"https:\/\/diariodominicano.com\/index.php?rest_route=\/wp\/v2\/posts\/92277","targetHints":{"allow":["GET"]}}],"collection":[{"href":"https:\/\/diariodominicano.com\/index.php?rest_route=\/wp\/v2\/posts"}],"about":[{"href":"https:\/\/diariodominicano.com\/index.php?rest_route=\/wp\/v2\/types\/post"}],"author":[{"embeddable":true,"href":"https:\/\/diariodominicano.com\/index.php?rest_route=\/wp\/v2\/users\/3"}],"replies":[{"embeddable":true,"href":"https:\/\/diariodominicano.com\/index.php?rest_route=%2Fwp%2Fv2%2Fcomments&post=92277"}],"version-history":[{"count":0,"href":"https:\/\/diariodominicano.com\/index.php?rest_route=\/wp\/v2\/posts\/92277\/revisions"}],"wp:attachment":[{"href":"https:\/\/diariodominicano.com\/index.php?rest_route=%2Fwp%2Fv2%2Fmedia&parent=92277"}],"wp:term":[{"taxonomy":"category","embeddable":true,"href":"https:\/\/diariodominicano.com\/index.php?rest_route=%2Fwp%2Fv2%2Fcategories&post=92277"},{"taxonomy":"post_tag","embeddable":true,"href":"https:\/\/diariodominicano.com\/index.php?rest_route=%2Fwp%2Fv2%2Ftags&post=92277"}],"curies":[{"name":"wp","href":"https:\/\/api.w.org\/{rel}","templated":true}]}}