{"id":92275,"date":"2008-10-15T22:54:28","date_gmt":"2008-10-15T22:54:28","guid":{"rendered":"http:\/\/diariodominicano.ddns.net\/?p=92275"},"modified":"2008-10-15T22:54:28","modified_gmt":"2008-10-15T22:54:28","slug":"destacan-produccion-santi-clo-cinta-dominicana-en-produccion","status":"publish","type":"post","link":"https:\/\/diariodominicano.com\/?p=92275","title":{"rendered":"Destacan producci\u00f3n \u201cSanti Cl\u00f3\u201d,  cinta dominicana en producci\u00f3n"},"content":{"rendered":"<p><body><\/p>\n<p class=\"titulogrande1\">Destacan producci\u00f3n \u201cSanti Cl\u00f3\u201d,\u00a0 cinta dominicana en producci\u00f3n<\/p>\n<p>&#13;<\/p>\n<p align=\"justify\" class=\"text1noticias\"><img loading=\"lazy\" decoding=\"async\" src=\"http:\/\/localhost:8080\/gente\/img\/santi clo.jpg\" width=\"375\" height=\"235\" hspace=\"4\" align=\"left\" \/>Miami, FL, .- Santi Cl\u00f3 sigue  sumando valiosos recursos con el fin de convertirse en una de las producciones  cinematogr\u00e1ficas m\u00e1s importantes del cine dominicano, anunciando que formar\u00e1n  parte del elenco de este filme los m\u00e1s selectos talentos de la televisi\u00f3n de  este pa\u00eds.<br \/>&#13;<br \/>\n  \u00a0<br \/>&#13;<br \/>\n  Personalidades de la talla de  Rafael Corpor\u00e1n de los Santos, Jochy Santos, Consuelo Despradel, July Calder\u00f3n,  Roberto Cavada, Nelson Javier, Fausto Mata y Milagros Olgu\u00edn, profesionales de  la comunicaci\u00f3n que durante varios a\u00f1os han construido una trayectoria de gran  \u00e9xito en la \u201cpantalla chica\u201d dominicana.<br \/>&#13;<br \/>\n  \u00a0<br \/>&#13;<br \/>\n  \u201cLa participaci\u00f3n de estas  estrellas le aporta al argumento de la pel\u00edcula mucha credibilidad, ya que se trata  de una\u00a0 historia barrial donde los  comunicadores cumplen un rol muy importante como portavoces de las penurias que  sufren sus habitantes\u201d, expres\u00f3 Franklin Romero, presidente de Premium Latin  Films, empresa productora de este film.<br \/>&#13;<br \/>\n  \u00a0<br \/>&#13;<br \/>\n  Mientras que Jos\u00e9 Pintor,  director de Santi Cl\u00f3, explic\u00f3 que \u201ccada uno ellos se interpretar\u00e1n a s\u00ed mismos  con papeles y locaciones donde normalmente desarrollan sus trabajos en la vida  real\u201d.<br \/>&#13;<br \/>\n  \u00a0<br \/>&#13;<br \/>\n  Santi Cl\u00f3 cuenta la historia  de \u2018Nicol\u00e1s\u2019, un joven de escasos recursos que decide disfrazarse del m\u00edtico  personaje de Santa Claus con el fin de obtener recursos econ\u00f3micos durante las  fiestas navide\u00f1as, experiencia de la cual se desembocar\u00e1n inolvidables  aventuras.<br \/>&#13;<br \/>\n  \u00a0<br \/>&#13;<br \/>\n  La pel\u00edcula se estrenar\u00e1 el  pr\u00f3ximo 13 de noviembre en las principales salas de cine de la Rep\u00fablica Dominicana.<\/p>\n<p>&#13;<\/p>\n<h6> 2008-10-15 22:54:28 <\/h6>\n<p><!--\n<link rel=\"stylesheet\" href=\"css\/bootstrap.min.css\">\n\n\n<ul class=\"pagination\">\n\t    \n\t\n\n<li >\n\t<a href='?page_no=20896'>Previous<\/a>\n\t<\/li>\n\n\n       \n    \n\n<li><a href='?page_no=1'>1<\/a><\/li>\n\n\n\n<li><a href='?page_no=2'>2<\/a><\/li>\n\n\n\n<li><a>...<\/a><\/li>\n\n\n\n<li><a href='?page_no=20895'>20895<\/a><\/li>\n\n\n\n<li><a href='?page_no=20896'>20896<\/a><\/li>\n\n\n\n<li class='active'><a>20897<\/a><\/li>\n\n\n\n<li><a href='?page_no=20898'>20898<\/a><\/li>\n\n\n\n<li><a href='?page_no=20899'>20899<\/a><\/li>\n\n\n\n<li><a>...<\/a><\/li>\n\n\n\n<li><a href='?page_no=22522'>22522<\/a><\/li>\n\n\n\n<li><a href='?page_no=22523'>22523<\/a><\/li>\n\n    \n\t\n\n<li >\n\t<a href='?page_no=20898'>Next<\/a>\n\t<\/li>\n\n\n    \n\n<li><a href='?page_no=22523'>Last &rsaquo;&rsaquo;<\/a><\/li>\n\n<\/ul>\n\n\n--><br \/>\n<\/body><\/p>\n","protected":false},"excerpt":{"rendered":"<p>Destacan producci\u00f3n \u201cSanti Cl\u00f3\u201d,\u00a0 cinta dominicana en producci\u00f3n &#13; Miami, FL, .- Santi Cl\u00f3 sigue sumando valiosos recursos con el fin de convertirse en una de las producciones cinematogr\u00e1ficas m\u00e1s importantes del cine dominicano, anunciando que formar\u00e1n parte del elenco de este filme los m\u00e1s selectos talentos de la televisi\u00f3n de este pa\u00eds.&#13; \u00a0&#13; Personalidades [&hellip;]<\/p>\n","protected":false},"author":3,"featured_media":0,"comment_status":"open","ping_status":"open","sticky":false,"template":"","format":"standard","meta":{"footnotes":""},"categories":[25],"tags":[],"class_list":["post-92275","post","type-post","status-publish","format-standard","hentry","category-gente"],"_links":{"self":[{"href":"https:\/\/diariodominicano.com\/index.php?rest_route=\/wp\/v2\/posts\/92275","targetHints":{"allow":["GET"]}}],"collection":[{"href":"https:\/\/diariodominicano.com\/index.php?rest_route=\/wp\/v2\/posts"}],"about":[{"href":"https:\/\/diariodominicano.com\/index.php?rest_route=\/wp\/v2\/types\/post"}],"author":[{"embeddable":true,"href":"https:\/\/diariodominicano.com\/index.php?rest_route=\/wp\/v2\/users\/3"}],"replies":[{"embeddable":true,"href":"https:\/\/diariodominicano.com\/index.php?rest_route=%2Fwp%2Fv2%2Fcomments&post=92275"}],"version-history":[{"count":0,"href":"https:\/\/diariodominicano.com\/index.php?rest_route=\/wp\/v2\/posts\/92275\/revisions"}],"wp:attachment":[{"href":"https:\/\/diariodominicano.com\/index.php?rest_route=%2Fwp%2Fv2%2Fmedia&parent=92275"}],"wp:term":[{"taxonomy":"category","embeddable":true,"href":"https:\/\/diariodominicano.com\/index.php?rest_route=%2Fwp%2Fv2%2Fcategories&post=92275"},{"taxonomy":"post_tag","embeddable":true,"href":"https:\/\/diariodominicano.com\/index.php?rest_route=%2Fwp%2Fv2%2Ftags&post=92275"}],"curies":[{"name":"wp","href":"https:\/\/api.w.org\/{rel}","templated":true}]}}