{"id":92274,"date":"2008-10-16T00:00:01","date_gmt":"2008-10-16T00:00:01","guid":{"rendered":"http:\/\/diariodominicano.ddns.net\/?p=92274"},"modified":"2008-10-16T00:00:01","modified_gmt":"2008-10-16T00:00:01","slug":"elvis-crespo-suavemente-los-exitos","status":"publish","type":"post","link":"https:\/\/diariodominicano.com\/?p=92274","title":{"rendered":"Elvis Crespo Suavemente los \u00e9xitos"},"content":{"rendered":"<p><body><\/p>\n<p class=\"titulogrande1\">Elvis Crespo  Suavemente los \u00e9xitos<\/p>\n<p>&#13;<\/p>\n<p align=\"justify\" class=\"text1noticias\"><img loading=\"lazy\" decoding=\"async\" src=\"http:\/\/localhost:8080\/gente\/img\/elvis exito.jpg\" width=\"375\" height=\"227\" hspace=\"4\" align=\"left\" \/>Miami, FL, 15 de  octubre del 2008.- En la \u00faltima d\u00e9cada, el nombre de <strong>Elvis Crespo<\/strong> est\u00e1 entre los de mayor impacto en el ritmo de  merengue. Imponiendo una manera muy particular de interpretar y un estilo  inconfundible, el int\u00e9rprete nacido en Nueva York y criado en Puerto Rico ha  hecho historia en la m\u00fasica latina.<br \/>&#13;<br \/>\n  <br \/>&#13;<br \/>\n  Por eso es que Sony  BMG Latin presenta un lanzamiento a la altura de su carrera: \u201cSuavemente\u2026 Los  \u00c9xitos\u201d, donde re\u00fanen por primera vez lo mejor de su repertorio: \u201cP\u00edntame\u201d, \u201cTu  sonrisa\u201d, \u201cBandida\u201d y \u201cLinda Eh\u201d, su primer \u00e9xito con el <strong>Grupo Man\u00eda<\/strong>, con el que se dio a conocer, entre muchos otros.  Tambi\u00e9n se escucha un d\u00fao con la estelar merenguera dominicana <strong>Milly Quezada<\/strong> y otro con la cantante  argentina <strong>Gizelle D\u2019Cole.<\/strong><br \/>&#13;<br \/>\n  <br \/>&#13;<br \/>\n  Y por supuesto, la  canci\u00f3n infaltable es \u201cSuavemente\u201d, el tema que le da nombre al disco y con la  que marc\u00f3 su internacionalizaci\u00f3n con un inesperado <em>crossover<\/em>, manteni\u00e9ndose al tope de la lista Hot Latin Tracks de  Billboard por seis semanas, superando a todas las canciones de su g\u00e9nero en esa  posici\u00f3n.<br \/>&#13;<br \/>\n  <br \/>&#13;<br \/>\n\u201cSuavemente\u2026 Los  \u00c9xitos\u201d se presenta en un CD que incluye 16 canciones y un DVD con 10 videos,  en venta de manera independiente.<br \/>&#13;<br \/>\n<br \/>&#13;<br \/>\nDesde ya se  encuentra en las tiendas bajo el sello Sony BMG Latin.<\/p>\n<p>&#13;<\/p>\n<h6> 2008-10-16 00:00:01 <\/h6>\n<p><!--\n<link rel=\"stylesheet\" href=\"css\/bootstrap.min.css\">\n\n\n<ul class=\"pagination\">\n\t    \n\t\n\n<li >\n\t<a href='?page_no=20895'>Previous<\/a>\n\t<\/li>\n\n\n       \n    \n\n<li><a href='?page_no=1'>1<\/a><\/li>\n\n\n\n<li><a href='?page_no=2'>2<\/a><\/li>\n\n\n\n<li><a>...<\/a><\/li>\n\n\n\n<li><a href='?page_no=20894'>20894<\/a><\/li>\n\n\n\n<li><a href='?page_no=20895'>20895<\/a><\/li>\n\n\n\n<li class='active'><a>20896<\/a><\/li>\n\n\n\n<li><a href='?page_no=20897'>20897<\/a><\/li>\n\n\n\n<li><a href='?page_no=20898'>20898<\/a><\/li>\n\n\n\n<li><a>...<\/a><\/li>\n\n\n\n<li><a href='?page_no=22522'>22522<\/a><\/li>\n\n\n\n<li><a href='?page_no=22523'>22523<\/a><\/li>\n\n    \n\t\n\n<li >\n\t<a href='?page_no=20897'>Next<\/a>\n\t<\/li>\n\n\n    \n\n<li><a href='?page_no=22523'>Last &rsaquo;&rsaquo;<\/a><\/li>\n\n<\/ul>\n\n\n--><br \/>\n<\/body><\/p>\n","protected":false},"excerpt":{"rendered":"<p>Elvis Crespo Suavemente los \u00e9xitos &#13; Miami, FL, 15 de octubre del 2008.- En la \u00faltima d\u00e9cada, el nombre de Elvis Crespo est\u00e1 entre los de mayor impacto en el ritmo de merengue. Imponiendo una manera muy particular de interpretar y un estilo inconfundible, el int\u00e9rprete nacido en Nueva York y criado en Puerto Rico [&hellip;]<\/p>\n","protected":false},"author":3,"featured_media":0,"comment_status":"open","ping_status":"open","sticky":false,"template":"","format":"standard","meta":{"footnotes":""},"categories":[25],"tags":[],"class_list":["post-92274","post","type-post","status-publish","format-standard","hentry","category-gente"],"_links":{"self":[{"href":"https:\/\/diariodominicano.com\/index.php?rest_route=\/wp\/v2\/posts\/92274","targetHints":{"allow":["GET"]}}],"collection":[{"href":"https:\/\/diariodominicano.com\/index.php?rest_route=\/wp\/v2\/posts"}],"about":[{"href":"https:\/\/diariodominicano.com\/index.php?rest_route=\/wp\/v2\/types\/post"}],"author":[{"embeddable":true,"href":"https:\/\/diariodominicano.com\/index.php?rest_route=\/wp\/v2\/users\/3"}],"replies":[{"embeddable":true,"href":"https:\/\/diariodominicano.com\/index.php?rest_route=%2Fwp%2Fv2%2Fcomments&post=92274"}],"version-history":[{"count":0,"href":"https:\/\/diariodominicano.com\/index.php?rest_route=\/wp\/v2\/posts\/92274\/revisions"}],"wp:attachment":[{"href":"https:\/\/diariodominicano.com\/index.php?rest_route=%2Fwp%2Fv2%2Fmedia&parent=92274"}],"wp:term":[{"taxonomy":"category","embeddable":true,"href":"https:\/\/diariodominicano.com\/index.php?rest_route=%2Fwp%2Fv2%2Fcategories&post=92274"},{"taxonomy":"post_tag","embeddable":true,"href":"https:\/\/diariodominicano.com\/index.php?rest_route=%2Fwp%2Fv2%2Ftags&post=92274"}],"curies":[{"name":"wp","href":"https:\/\/api.w.org\/{rel}","templated":true}]}}