{"id":92273,"date":"2008-10-16T15:19:53","date_gmt":"2008-10-16T15:19:53","guid":{"rendered":"http:\/\/diariodominicano.ddns.net\/?p=92273"},"modified":"2008-10-16T15:19:53","modified_gmt":"2008-10-16T15:19:53","slug":"johanna-duverge-es-el-nuevo-rostro-de-novela-mas","status":"publish","type":"post","link":"https:\/\/diariodominicano.com\/?p=92273","title":{"rendered":"Johanna Duverg\u00e9 es el nuevo rostro de Novela &amp; M\u00e1s"},"content":{"rendered":"<p><body><\/p>\n<p align=\"justify\"><span class=\"titulogrande1\"><strong>Johanna  Duverg\u00e9 es el nuevo rostro de Novela &amp; M\u00e1s<\/strong>\u00a0<\/span><br \/>&#13;<br \/>\n  <br \/>&#13;<br \/>\n    <span class=\"text1noticias\">SANTO DOMINGO.- Los productores y  presentadores de \u00b4\u00b4Novela &amp; M\u00e1s\u00b4\u00b4 Ram\u00f3n Matos, Cristina Bel\u00e9n, Zeny Leyva,  Efr\u00e9n Camargo y Teleantillas ofrecieron este mi\u00e9rcoles 15 de octubre, en Hard  Rock Caf\u00e9 Santo Domingo, una rueda de prensa para dar a conocer el nuevo rostro  que los acompa\u00f1ar\u00e1 en la conducci\u00f3n de este espacio, adem\u00e1s de su nueva l\u00ednea  grafica, escenograf\u00eda y concepto de producci\u00f3n, de este programa que se  transmite todos los s\u00e1bados a las 3:00 p.m. por el canal 2.\u00a0<br \/>&#13;<br \/>\n    <br \/>&#13;<br \/>\n    Antes de revelar el rostro ganador, la actriz  y presentadora Zeny Leyva pronunci\u00f3 el discurso central y la maestr\u00eda de  ceremonia estuvo a\u00a0 cargo de Yadhira Pimentel.\u00a0<br \/>&#13;<br \/>\n    <br \/>&#13;<br \/>\nHasta \u00faltimo momento las 6 finalistas  estuvieron compartiendo con el equipo de producci\u00f3n, ansiosas por saber cu\u00e1l de  ellas hab\u00eda resultado la ganadora del \u00b4\u00b4Casting Rostro de Novela &amp; M\u00e1s\u00b4\u00b4,  quedando seleccionada Johanna Duverg\u00e9.\u00a0<\/span><\/p>\n<p>&#13;<\/p>\n<div align=\"justify\"><span class=\"text1noticias\">La actividad cont\u00f3 con la presencia de diferentes medios de comunicaci\u00f3n  y publicitarios, ejecutivos del Grupo de Comunicaciones Corripio, amigos,  allegados y j\u00f3venes que pertenecieron al elenco de \u00b4\u00b4Novela &amp; M\u00e1s\u00b4\u00b4 como  conductores y conductoras. \u00a0\u00a0<\/span>\u00a0\u00a0<br \/>&#13;\n<\/div>\n<p>&#13;<\/p>\n<h6> 2008-10-16 15:19:53 <\/h6>\n<p><!--\n<link rel=\"stylesheet\" href=\"css\/bootstrap.min.css\">\n\n\n<ul class=\"pagination\">\n\t    \n\t\n\n<li >\n\t<a href='?page_no=20894'>Previous<\/a>\n\t<\/li>\n\n\n       \n    \n\n<li><a href='?page_no=1'>1<\/a><\/li>\n\n\n\n<li><a href='?page_no=2'>2<\/a><\/li>\n\n\n\n<li><a>...<\/a><\/li>\n\n\n\n<li><a href='?page_no=20893'>20893<\/a><\/li>\n\n\n\n<li><a href='?page_no=20894'>20894<\/a><\/li>\n\n\n\n<li class='active'><a>20895<\/a><\/li>\n\n\n\n<li><a href='?page_no=20896'>20896<\/a><\/li>\n\n\n\n<li><a href='?page_no=20897'>20897<\/a><\/li>\n\n\n\n<li><a>...<\/a><\/li>\n\n\n\n<li><a href='?page_no=22522'>22522<\/a><\/li>\n\n\n\n<li><a href='?page_no=22523'>22523<\/a><\/li>\n\n    \n\t\n\n<li >\n\t<a href='?page_no=20896'>Next<\/a>\n\t<\/li>\n\n\n    \n\n<li><a href='?page_no=22523'>Last &rsaquo;&rsaquo;<\/a><\/li>\n\n<\/ul>\n\n\n--><br \/>\n<\/body><\/p>\n","protected":false},"excerpt":{"rendered":"<p>Johanna Duverg\u00e9 es el nuevo rostro de Novela &amp; M\u00e1s\u00a0&#13; &#13; SANTO DOMINGO.- Los productores y presentadores de \u00b4\u00b4Novela &amp; M\u00e1s\u00b4\u00b4 Ram\u00f3n Matos, Cristina Bel\u00e9n, Zeny Leyva, Efr\u00e9n Camargo y Teleantillas ofrecieron este mi\u00e9rcoles 15 de octubre, en Hard Rock Caf\u00e9 Santo Domingo, una rueda de prensa para dar a conocer el nuevo rostro que [&hellip;]<\/p>\n","protected":false},"author":3,"featured_media":0,"comment_status":"open","ping_status":"open","sticky":false,"template":"","format":"standard","meta":{"footnotes":""},"categories":[25],"tags":[],"class_list":["post-92273","post","type-post","status-publish","format-standard","hentry","category-gente"],"_links":{"self":[{"href":"https:\/\/diariodominicano.com\/index.php?rest_route=\/wp\/v2\/posts\/92273","targetHints":{"allow":["GET"]}}],"collection":[{"href":"https:\/\/diariodominicano.com\/index.php?rest_route=\/wp\/v2\/posts"}],"about":[{"href":"https:\/\/diariodominicano.com\/index.php?rest_route=\/wp\/v2\/types\/post"}],"author":[{"embeddable":true,"href":"https:\/\/diariodominicano.com\/index.php?rest_route=\/wp\/v2\/users\/3"}],"replies":[{"embeddable":true,"href":"https:\/\/diariodominicano.com\/index.php?rest_route=%2Fwp%2Fv2%2Fcomments&post=92273"}],"version-history":[{"count":0,"href":"https:\/\/diariodominicano.com\/index.php?rest_route=\/wp\/v2\/posts\/92273\/revisions"}],"wp:attachment":[{"href":"https:\/\/diariodominicano.com\/index.php?rest_route=%2Fwp%2Fv2%2Fmedia&parent=92273"}],"wp:term":[{"taxonomy":"category","embeddable":true,"href":"https:\/\/diariodominicano.com\/index.php?rest_route=%2Fwp%2Fv2%2Fcategories&post=92273"},{"taxonomy":"post_tag","embeddable":true,"href":"https:\/\/diariodominicano.com\/index.php?rest_route=%2Fwp%2Fv2%2Ftags&post=92273"}],"curies":[{"name":"wp","href":"https:\/\/api.w.org\/{rel}","templated":true}]}}