{"id":92272,"date":"2008-10-16T15:22:34","date_gmt":"2008-10-16T15:22:34","guid":{"rendered":"http:\/\/diariodominicano.ddns.net\/?p=92272"},"modified":"2008-10-16T15:22:34","modified_gmt":"2008-10-16T15:22:34","slug":"especialista-de-la-piel-inaugura-consultorio","status":"publish","type":"post","link":"https:\/\/diariodominicano.com\/?p=92272","title":{"rendered":"Especialista de la Piel inaugura consultorio"},"content":{"rendered":"<p><body><\/p>\n<p align=\"justify\"><span class=\"titulogrande1\">Especialista de la Piel inaugura consultorio<\/span><br \/>&#13;<br \/>\n\u00a0<br \/>&#13;<br \/>\n<span class=\"text1noticias\"><img loading=\"lazy\" decoding=\"async\" src=\"http:\/\/localhost:8080\/gente\/img\/consul foto.jpg\" width=\"375\" height=\"1426\" hspace=\"4\" align=\"left\" \/>SANTO DOMINGO. Recientemente  qued\u00f3 inaugurado el consultorio del doctor Braulio Cabrera Marte en las  instalaciones del edificio profesional Santo Domingo, ubicado en la Avenidas R\u00f3mulo  Betancourt No 515, Suite 305. <\/span><\/p>\n<p>&#13;<\/p>\n<p align=\"justify\" class=\"text1noticias\">Durante el desarrollo del  evento, su propietario el doctor Cabrera Marte, expres\u00f3 la alegr\u00eda de poder  celebrar junto a sus m\u00e1s allegados, tan importante proyecto con el cual busca  brindar un servicio de calidad a sus pacientes.<\/p>\n<p>&#13;<\/p>\n<p align=\"justify\" class=\"text1noticias\">\u00abCon la apertura de este  nuevo consultorio, lograremos ofrecer mucho m\u00e1s comodidad a nuestros pacientes,  y en un solo lugar todos los servicios completos de la rama de la dermatolog\u00eda,  como tratamiento de u\u00f1as, pelos, manchas, varices, asn\u00e9, arrugas, as\u00ed como  cirug\u00eda menor\u00bb, manifest\u00f3 entusiasmado el propietario.<\/p>\n<p>&#13;<\/p>\n<p align=\"justify\" class=\"text1noticias\"> El doctor Cabrera Marte,  resalt\u00f3 adem\u00e1s que mientras los pacientes son atendidos, en la sala de espera  se mantiene un ambiente que ayuda a los mismos a mantenerse relajados, gracias  a la t\u00e9cnica de aroma y m\u00fasico terapia que han implementado con excelentes  resultados.<\/p>\n<p>&#13;<\/p>\n<p align=\"justify\" class=\"text1noticias\">A la actividad realizada en  el nuevo local, asistieron familiares, m\u00e9dicos, clientes, visitadores a m\u00e9dicos  directivos del laboratorio Roemmers, quienes se encargaron de preparar la  actividad inaugural, y allegados al propietario, quienes brindaron junto al  mismo por este nuevo pelda\u00f1o en su carrera, as\u00ed como.<\/p>\n<p>&#13;<\/p>\n<p align=\"justify\" class=\"text1noticias\">As\u00ed final disfrutaron de una degustaci\u00f3n de  vinos y quesos. <\/p>\n<p>&#13;<\/p>\n<h6> 2008-10-16 15:22:34 <\/h6>\n<p><!--\n<link rel=\"stylesheet\" href=\"css\/bootstrap.min.css\">\n\n\n<ul class=\"pagination\">\n\t    \n\t\n\n<li >\n\t<a href='?page_no=20893'>Previous<\/a>\n\t<\/li>\n\n\n       \n    \n\n<li><a href='?page_no=1'>1<\/a><\/li>\n\n\n\n<li><a href='?page_no=2'>2<\/a><\/li>\n\n\n\n<li><a>...<\/a><\/li>\n\n\n\n<li><a href='?page_no=20892'>20892<\/a><\/li>\n\n\n\n<li><a href='?page_no=20893'>20893<\/a><\/li>\n\n\n\n<li class='active'><a>20894<\/a><\/li>\n\n\n\n<li><a href='?page_no=20895'>20895<\/a><\/li>\n\n\n\n<li><a href='?page_no=20896'>20896<\/a><\/li>\n\n\n\n<li><a>...<\/a><\/li>\n\n\n\n<li><a href='?page_no=22522'>22522<\/a><\/li>\n\n\n\n<li><a href='?page_no=22523'>22523<\/a><\/li>\n\n    \n\t\n\n<li >\n\t<a href='?page_no=20895'>Next<\/a>\n\t<\/li>\n\n\n    \n\n<li><a href='?page_no=22523'>Last &rsaquo;&rsaquo;<\/a><\/li>\n\n<\/ul>\n\n\n--><br \/>\n<\/body><\/p>\n","protected":false},"excerpt":{"rendered":"<p>Especialista de la Piel inaugura consultorio&#13; \u00a0&#13; SANTO DOMINGO. Recientemente qued\u00f3 inaugurado el consultorio del doctor Braulio Cabrera Marte en las instalaciones del edificio profesional Santo Domingo, ubicado en la Avenidas R\u00f3mulo Betancourt No 515, Suite 305. &#13; Durante el desarrollo del evento, su propietario el doctor Cabrera Marte, expres\u00f3 la alegr\u00eda de poder celebrar [&hellip;]<\/p>\n","protected":false},"author":3,"featured_media":0,"comment_status":"open","ping_status":"open","sticky":false,"template":"","format":"standard","meta":{"footnotes":""},"categories":[25],"tags":[],"class_list":["post-92272","post","type-post","status-publish","format-standard","hentry","category-gente"],"_links":{"self":[{"href":"https:\/\/diariodominicano.com\/index.php?rest_route=\/wp\/v2\/posts\/92272","targetHints":{"allow":["GET"]}}],"collection":[{"href":"https:\/\/diariodominicano.com\/index.php?rest_route=\/wp\/v2\/posts"}],"about":[{"href":"https:\/\/diariodominicano.com\/index.php?rest_route=\/wp\/v2\/types\/post"}],"author":[{"embeddable":true,"href":"https:\/\/diariodominicano.com\/index.php?rest_route=\/wp\/v2\/users\/3"}],"replies":[{"embeddable":true,"href":"https:\/\/diariodominicano.com\/index.php?rest_route=%2Fwp%2Fv2%2Fcomments&post=92272"}],"version-history":[{"count":0,"href":"https:\/\/diariodominicano.com\/index.php?rest_route=\/wp\/v2\/posts\/92272\/revisions"}],"wp:attachment":[{"href":"https:\/\/diariodominicano.com\/index.php?rest_route=%2Fwp%2Fv2%2Fmedia&parent=92272"}],"wp:term":[{"taxonomy":"category","embeddable":true,"href":"https:\/\/diariodominicano.com\/index.php?rest_route=%2Fwp%2Fv2%2Fcategories&post=92272"},{"taxonomy":"post_tag","embeddable":true,"href":"https:\/\/diariodominicano.com\/index.php?rest_route=%2Fwp%2Fv2%2Ftags&post=92272"}],"curies":[{"name":"wp","href":"https:\/\/api.w.org\/{rel}","templated":true}]}}