{"id":92267,"date":"2008-10-17T16:22:40","date_gmt":"2008-10-17T16:22:40","guid":{"rendered":"http:\/\/diariodominicano.ddns.net\/?p=92267"},"modified":"2008-10-17T16:22:40","modified_gmt":"2008-10-17T16:22:40","slug":"kany-garcia-lanza-edicion-especial-de-su-disco-cualquier-dia","status":"publish","type":"post","link":"https:\/\/diariodominicano.com\/?p=92267","title":{"rendered":"Kany Garc\u00eda lanza edici\u00f3n especial de su disco \u201cCualquier D\u00eda\u201d"},"content":{"rendered":"<p><body><\/p>\n<p class=\"titulogrande1\">Kany Garc\u00eda lanza  edici\u00f3n especial de su disco \u201cCualquier D\u00eda\u201d<\/p>\n<p>&#13;<\/p>\n<p align=\"justify\" class=\"text1noticias\"><img loading=\"lazy\" decoding=\"async\" src=\"http:\/\/localhost:8080\/gente\/img\/kany cual.jpg\" width=\"375\" height=\"245\" hspace=\"4\" align=\"left\" \/>Miami, FL, 17 de  octubre del 2008.- Ya no es una novedad que este es el a\u00f1o de <strong>Kany Garc\u00eda<\/strong> y que la artista puertorrique\u00f1a se perfila como una de las m\u00e1s grandes del pop  latino. La novedad, en realidad, es un disco en edici\u00f3n especial que trae todo  lo que sus fan\u00e1ticos quieren tener de ella.<br \/>&#13;<br \/>\n  <br \/>&#13;<br \/>\n  El \u00e1lbum  se nombra \u201cCualquier D\u00eda, Edici\u00f3n Especial\u201d, anticipado con el sencillo  \u201cEstigma de amor\u201d, acompa\u00f1ado de un v\u00eddeo que estamos seguros se convertir\u00e1  pr\u00f3ximamente en un \u00e9xito entre los seguidores de la m\u00fasica pop.<br \/>&#13;<br \/>\n  <br \/>&#13;<br \/>\n  As\u00ed  llega \u201cEstigma de amor\u201d, \u201c\u00bfAd\u00f3nde fue Cecilia?\u201d, \u201cTe vuelvo a ver\u201d y una  versi\u00f3n ac\u00fastica del popular \u201cHoy ya me voy\u201d. La novedad discogr\u00e1fica se  presenta en formato de repack que contiene el CD con sus 11 canciones  originales y un DVD que incluye bienvenida de la artista y 7 videos de sus m\u00e1s  conocidas canciones, 3 de ellos en grabaci\u00f3n ac\u00fastica.<br \/>&#13;<br \/>\n  <br \/>&#13;<br \/>\n  Nominada  en cuatro categor\u00edas a los Latin GRAMMY\u00ae, ganadora de dos premios Billboard de  la M\u00fasica Latina y del coraz\u00f3n de miles de j\u00f3venes latinos en el continente,  Kany Garc\u00eda regresa a las tiendas de discos para seguir confirmando que su  originalidad sigue arrasando con todo.<br \/>&#13;<br \/>\n  <br \/>&#13;<br \/>\n\u201cCualquier  D\u00eda, Edici\u00f3n Especial\u201d estar\u00e1 disponible desde el pr\u00f3ximo martes 21 de octubre.<\/p>\n<p>&#13;<\/p>\n<h6> 2008-10-17 16:22:40 <\/h6>\n<p><!--\n<link rel=\"stylesheet\" href=\"css\/bootstrap.min.css\">\n\n\n<ul class=\"pagination\">\n\t    \n\t\n\n<li >\n\t<a href='?page_no=20888'>Previous<\/a>\n\t<\/li>\n\n\n       \n    \n\n<li><a href='?page_no=1'>1<\/a><\/li>\n\n\n\n<li><a href='?page_no=2'>2<\/a><\/li>\n\n\n\n<li><a>...<\/a><\/li>\n\n\n\n<li><a href='?page_no=20887'>20887<\/a><\/li>\n\n\n\n<li><a href='?page_no=20888'>20888<\/a><\/li>\n\n\n\n<li class='active'><a>20889<\/a><\/li>\n\n\n\n<li><a href='?page_no=20890'>20890<\/a><\/li>\n\n\n\n<li><a href='?page_no=20891'>20891<\/a><\/li>\n\n\n\n<li><a>...<\/a><\/li>\n\n\n\n<li><a href='?page_no=22522'>22522<\/a><\/li>\n\n\n\n<li><a href='?page_no=22523'>22523<\/a><\/li>\n\n    \n\t\n\n<li >\n\t<a href='?page_no=20890'>Next<\/a>\n\t<\/li>\n\n\n    \n\n<li><a href='?page_no=22523'>Last &rsaquo;&rsaquo;<\/a><\/li>\n\n<\/ul>\n\n\n--><br \/>\n<\/body><\/p>\n","protected":false},"excerpt":{"rendered":"<p>Kany Garc\u00eda lanza edici\u00f3n especial de su disco \u201cCualquier D\u00eda\u201d &#13; Miami, FL, 17 de octubre del 2008.- Ya no es una novedad que este es el a\u00f1o de Kany Garc\u00eda y que la artista puertorrique\u00f1a se perfila como una de las m\u00e1s grandes del pop latino. La novedad, en realidad, es un disco en [&hellip;]<\/p>\n","protected":false},"author":3,"featured_media":0,"comment_status":"open","ping_status":"open","sticky":false,"template":"","format":"standard","meta":{"footnotes":""},"categories":[25],"tags":[],"class_list":["post-92267","post","type-post","status-publish","format-standard","hentry","category-gente"],"_links":{"self":[{"href":"https:\/\/diariodominicano.com\/index.php?rest_route=\/wp\/v2\/posts\/92267","targetHints":{"allow":["GET"]}}],"collection":[{"href":"https:\/\/diariodominicano.com\/index.php?rest_route=\/wp\/v2\/posts"}],"about":[{"href":"https:\/\/diariodominicano.com\/index.php?rest_route=\/wp\/v2\/types\/post"}],"author":[{"embeddable":true,"href":"https:\/\/diariodominicano.com\/index.php?rest_route=\/wp\/v2\/users\/3"}],"replies":[{"embeddable":true,"href":"https:\/\/diariodominicano.com\/index.php?rest_route=%2Fwp%2Fv2%2Fcomments&post=92267"}],"version-history":[{"count":0,"href":"https:\/\/diariodominicano.com\/index.php?rest_route=\/wp\/v2\/posts\/92267\/revisions"}],"wp:attachment":[{"href":"https:\/\/diariodominicano.com\/index.php?rest_route=%2Fwp%2Fv2%2Fmedia&parent=92267"}],"wp:term":[{"taxonomy":"category","embeddable":true,"href":"https:\/\/diariodominicano.com\/index.php?rest_route=%2Fwp%2Fv2%2Fcategories&post=92267"},{"taxonomy":"post_tag","embeddable":true,"href":"https:\/\/diariodominicano.com\/index.php?rest_route=%2Fwp%2Fv2%2Ftags&post=92267"}],"curies":[{"name":"wp","href":"https:\/\/api.w.org\/{rel}","templated":true}]}}