{"id":92266,"date":"2008-10-17T18:53:08","date_gmt":"2008-10-17T18:53:08","guid":{"rendered":"http:\/\/diariodominicano.ddns.net\/?p=92266"},"modified":"2008-10-17T18:53:08","modified_gmt":"2008-10-17T18:53:08","slug":"abriran-feria-nacional-del-mueble-el-31-de-octubre","status":"publish","type":"post","link":"https:\/\/diariodominicano.com\/?p=92266","title":{"rendered":"Abrir\u00e1n Feria Nacional del Mueble el 31 de octubre"},"content":{"rendered":"<p><body><\/p>\n<p>EN  LA CIUDAD GANADERA <\/p>\n<p>&#13;<\/p>\n<p class=\"titulogrande1\"><strong>Abrir\u00e1n Feria Nacional  del Mueble el 31 de octubre<\/strong><\/p>\n<p>&#13;<\/p>\n<p align=\"justify\"> <span class=\"text1noticias\"><img loading=\"lazy\" decoding=\"async\" src=\"http:\/\/localhost:8080\/gente\/img\/mue fer.jpg\" width=\"375\" height=\"1009\" hspace=\"4\" align=\"left\" \/>La Asociaci\u00f3n Nacional de  Industriales de Muebles, Colchones y Afines (ASONAIMCO) anunci\u00f3 la XVII versi\u00f3n  de la Feria Nacional del Mueble, en la que m\u00e1s de 100 empresas expondr\u00e1n  productos para el amueblamiento de la casa, oficina y negocio, con descuentos  de hasta un 50 por ciento.<\/span><\/p>\n<p>&#13;<\/p>\n<p align=\"justify\" class=\"text1noticias\"> El anuncio fue hecho en un c\u00f3ctel  celebrado en el Restaurant Taboo Bamboo, de la avenida Roberto Pastoriza,  encabezado por Deny R. Reynoso, presidente de la entidad; Juan Jos\u00e9 Attias,  primer vicepresidente; Ernesto Montalvo, tesorero y otros directivos.<\/p>\n<p>&#13;<\/p>\n<p align=\"justify\" class=\"text1noticias\"> El se\u00f1or Reynoso manifest\u00f3 que la  XVII feria del mueble ser\u00e1 efectuada desde el viernes 31 de octubre al 10 de  noviembre, en el horario 10 de la ma\u00f1ana a 10 de la noche, en la Ciudad  Ganadera.<\/p>\n<p>&#13;<\/p>\n<p align=\"justify\" class=\"text1noticias\"> Inform\u00f3 que habr\u00e1 9 mil metros  cuadrados de exhibici\u00f3n y que es la principal feria de la industria nacional  del mueble, colchones y afines, y una apreciable oportunidad de negocios para  productores y consumidores.<\/p>\n<p>&#13;<\/p>\n<p align=\"justify\" class=\"text1noticias\"> Sostuvo que cada a\u00f1o, m\u00e1s de 75 mil  personas esperan este evento para amueblar sus casas u oficinas.<\/p>\n<p>&#13;<\/p>\n<p align=\"justify\" class=\"text1noticias\"> Inform\u00f3 que los productos que ser\u00e1n  expuestos son tapizados, pl\u00e1sticos, fibras sint\u00e9ticas y naturales, colchones,  alfombras y tapices, l\u00e1mparas, artesan\u00edas, accesorios para la casa y la  oficina.<\/p>\n<p>&#13;<\/p>\n<p align=\"justify\" class=\"text1noticias\"> Asimismo, art\u00edculos y complementos  decorativos, suplidores del sector, entidades financieras y servicios afines.<\/p>\n<p>&#13;<\/p>\n<p align=\"justify\" class=\"text1noticias\"> Explic\u00f3 que en esta feria los  clientes encontrar\u00e1n productos a precios mucho m\u00e1s bajos porque no hay  intermediarios, lo que permite que los compradores se ahorren el margen de  intermediaci\u00f3n y otros descuentos.<\/p>\n<p>&#13;<\/p>\n<p align=\"justify\" class=\"text1noticias\"> Inform\u00f3 que este es un evento que  cada a\u00f1o esperan los dominicanos, para amueblar y cambiar los muebles y  accesorios de la casa y la oficina, el cual sirve para apoyar el consumo del  mueble criollo.<\/p>\n<p>&#13;<\/p>\n<h6> 2008-10-17 18:53:08 <\/h6>\n<p><!--\n<link rel=\"stylesheet\" href=\"css\/bootstrap.min.css\">\n\n\n<ul class=\"pagination\">\n\t    \n\t\n\n<li >\n\t<a href='?page_no=20887'>Previous<\/a>\n\t<\/li>\n\n\n       \n    \n\n<li><a href='?page_no=1'>1<\/a><\/li>\n\n\n\n<li><a href='?page_no=2'>2<\/a><\/li>\n\n\n\n<li><a>...<\/a><\/li>\n\n\n\n<li><a href='?page_no=20886'>20886<\/a><\/li>\n\n\n\n<li><a href='?page_no=20887'>20887<\/a><\/li>\n\n\n\n<li class='active'><a>20888<\/a><\/li>\n\n\n\n<li><a href='?page_no=20889'>20889<\/a><\/li>\n\n\n\n<li><a href='?page_no=20890'>20890<\/a><\/li>\n\n\n\n<li><a>...<\/a><\/li>\n\n\n\n<li><a href='?page_no=22522'>22522<\/a><\/li>\n\n\n\n<li><a href='?page_no=22523'>22523<\/a><\/li>\n\n    \n\t\n\n<li >\n\t<a href='?page_no=20889'>Next<\/a>\n\t<\/li>\n\n\n    \n\n<li><a href='?page_no=22523'>Last &rsaquo;&rsaquo;<\/a><\/li>\n\n<\/ul>\n\n\n--><br \/>\n<\/body><\/p>\n","protected":false},"excerpt":{"rendered":"<p>EN LA CIUDAD GANADERA &#13; Abrir\u00e1n Feria Nacional del Mueble el 31 de octubre &#13; La Asociaci\u00f3n Nacional de Industriales de Muebles, Colchones y Afines (ASONAIMCO) anunci\u00f3 la XVII versi\u00f3n de la Feria Nacional del Mueble, en la que m\u00e1s de 100 empresas expondr\u00e1n productos para el amueblamiento de la casa, oficina y negocio, con [&hellip;]<\/p>\n","protected":false},"author":3,"featured_media":0,"comment_status":"open","ping_status":"open","sticky":false,"template":"","format":"standard","meta":{"footnotes":""},"categories":[25],"tags":[],"class_list":["post-92266","post","type-post","status-publish","format-standard","hentry","category-gente"],"_links":{"self":[{"href":"https:\/\/diariodominicano.com\/index.php?rest_route=\/wp\/v2\/posts\/92266","targetHints":{"allow":["GET"]}}],"collection":[{"href":"https:\/\/diariodominicano.com\/index.php?rest_route=\/wp\/v2\/posts"}],"about":[{"href":"https:\/\/diariodominicano.com\/index.php?rest_route=\/wp\/v2\/types\/post"}],"author":[{"embeddable":true,"href":"https:\/\/diariodominicano.com\/index.php?rest_route=\/wp\/v2\/users\/3"}],"replies":[{"embeddable":true,"href":"https:\/\/diariodominicano.com\/index.php?rest_route=%2Fwp%2Fv2%2Fcomments&post=92266"}],"version-history":[{"count":0,"href":"https:\/\/diariodominicano.com\/index.php?rest_route=\/wp\/v2\/posts\/92266\/revisions"}],"wp:attachment":[{"href":"https:\/\/diariodominicano.com\/index.php?rest_route=%2Fwp%2Fv2%2Fmedia&parent=92266"}],"wp:term":[{"taxonomy":"category","embeddable":true,"href":"https:\/\/diariodominicano.com\/index.php?rest_route=%2Fwp%2Fv2%2Fcategories&post=92266"},{"taxonomy":"post_tag","embeddable":true,"href":"https:\/\/diariodominicano.com\/index.php?rest_route=%2Fwp%2Fv2%2Ftags&post=92266"}],"curies":[{"name":"wp","href":"https:\/\/api.w.org\/{rel}","templated":true}]}}